{"id":11,"count":4,"description":"Dans cette cat\u00e9gorie vous trouverez des \u00e9clairages \u00e0 positionner en ext\u00e9rieur, pour jardin et terrasse, des lampes et luminaires allant du style classique au design, en passant pas le technique et le d\u00e9coratif.","link":"https:\/\/www.andeo.be\/blogwp\/category\/luminaires\/eclairages-exterieur\/","name":"Eclairages ext\u00e9rieurs","slug":"eclairages-exterieur","taxonomy":"category","parent":3,"meta":[],"yoast_head":"<!-- This site is optimized with the Yoast SEO plugin v27.4 - https:\/\/yoast.com\/product\/yoast-seo-wordpress\/ -->\n<title>Archives des Eclairages ext\u00e9rieurs - The Blog by And\u00e9o<\/title>\n<meta name=\"description\" content=\"Dans cette cat\u00e9gorie vous trouverez des \u00e9clairages \u00e0 positionner en ext\u00e9rieur, pour jardin et terrasse, en classique, en design et en contemporain\" \/>\n<meta name=\"robots\" content=\"index, follow, max-snippet:-1, max-image-preview:large, max-video-preview:-1\" \/>\n<link rel=\"canonical\" href=\"https:\/\/www.andeo.be\/blogwp\/category\/luminaires\/eclairages-exterieur\/\" \/>\n<meta property=\"og:locale\" content=\"fr_FR\" \/>\n<meta property=\"og:type\" content=\"article\" \/>\n<meta property=\"og:title\" content=\"Archives des Eclairages ext\u00e9rieurs - The Blog by And\u00e9o\" \/>\n<meta property=\"og:description\" content=\"Dans cette cat\u00e9gorie vous trouverez des \u00e9clairages \u00e0 positionner en ext\u00e9rieur, pour jardin et terrasse, en classique, en design et en contemporain\" \/>\n<meta property=\"og:url\" content=\"https:\/\/www.andeo.be\/blogwp\/category\/luminaires\/eclairages-exterieur\/\" \/>\n<meta property=\"og:site_name\" content=\"The Blog by And\u00e9o\" \/>\n<meta name=\"twitter:card\" content=\"summary_large_image\" \/>\n<script type=\"application\/ld+json\" class=\"yoast-schema-graph\">{\"@context\":\"https:\\\/\\\/schema.org\",\"@graph\":[{\"@type\":\"CollectionPage\",\"@id\":\"https:\\\/\\\/www.andeo.be\\\/blogwp\\\/category\\\/luminaires\\\/eclairages-exterieur\\\/\",\"url\":\"https:\\\/\\\/www.andeo.be\\\/blogwp\\\/category\\\/luminaires\\\/eclairages-exterieur\\\/\",\"name\":\"Archives des Eclairages ext\u00e9rieurs - The Blog by And\u00e9o\",\"isPartOf\":{\"@id\":\"https:\\\/\\\/www.andeo.be\\\/blogwp\\\/#website\"},\"description\":\"Dans cette cat\u00e9gorie vous trouverez des \u00e9clairages \u00e0 positionner en ext\u00e9rieur, pour jardin et terrasse, en classique, en design et en contemporain\",\"breadcrumb\":{\"@id\":\"https:\\\/\\\/www.andeo.be\\\/blogwp\\\/category\\\/luminaires\\\/eclairages-exterieur\\\/#breadcrumb\"},\"inLanguage\":\"fr-FR\"},{\"@type\":\"BreadcrumbList\",\"@id\":\"https:\\\/\\\/www.andeo.be\\\/blogwp\\\/category\\\/luminaires\\\/eclairages-exterieur\\\/#breadcrumb\",\"itemListElement\":[{\"@type\":\"ListItem\",\"position\":1,\"name\":\"Accueil\",\"item\":\"https:\\\/\\\/www.andeo.be\\\/blogwp\\\/\"},{\"@type\":\"ListItem\",\"position\":2,\"name\":\"Luminaires\",\"item\":\"https:\\\/\\\/www.andeo.be\\\/blogwp\\\/category\\\/luminaires\\\/\"},{\"@type\":\"ListItem\",\"position\":3,\"name\":\"Eclairages ext\u00e9rieurs\"}]},{\"@type\":\"WebSite\",\"@id\":\"https:\\\/\\\/www.andeo.be\\\/blogwp\\\/#website\",\"url\":\"https:\\\/\\\/www.andeo.be\\\/blogwp\\\/\",\"name\":\"The Blog by And\u00e9o\",\"description\":\"\",\"publisher\":{\"@id\":\"https:\\\/\\\/www.andeo.be\\\/blogwp\\\/#organization\"},\"potentialAction\":[{\"@type\":\"SearchAction\",\"target\":{\"@type\":\"EntryPoint\",\"urlTemplate\":\"https:\\\/\\\/www.andeo.be\\\/blogwp\\\/?s={search_term_string}\"},\"query-input\":{\"@type\":\"PropertyValueSpecification\",\"valueRequired\":true,\"valueName\":\"search_term_string\"}}],\"inLanguage\":\"fr-FR\"},{\"@type\":\"Organization\",\"@id\":\"https:\\\/\\\/www.andeo.be\\\/blogwp\\\/#organization\",\"name\":\"The Blog by And\u00e9o\",\"url\":\"https:\\\/\\\/www.andeo.be\\\/blogwp\\\/\",\"logo\":{\"@type\":\"ImageObject\",\"inLanguage\":\"fr-FR\",\"@id\":\"https:\\\/\\\/www.andeo.be\\\/blogwp\\\/#\\\/schema\\\/logo\\\/image\\\/\",\"url\":\"https:\\\/\\\/www.andeo.be\\\/blogwp\\\/wp-content\\\/uploads\\\/2024\\\/02\\\/cropped-logo-andeo-sans-fond.png\",\"contentUrl\":\"https:\\\/\\\/www.andeo.be\\\/blogwp\\\/wp-content\\\/uploads\\\/2024\\\/02\\\/cropped-logo-andeo-sans-fond.png\",\"width\":468,\"height\":277,\"caption\":\"The Blog by And\u00e9o\"},\"image\":{\"@id\":\"https:\\\/\\\/www.andeo.be\\\/blogwp\\\/#\\\/schema\\\/logo\\\/image\\\/\"}}]}<\/script>\n<!-- \/ Yoast SEO plugin. -->","yoast_head_json":{"title":"Archives des Eclairages ext\u00e9rieurs - The Blog by And\u00e9o","description":"Dans cette cat\u00e9gorie vous trouverez des \u00e9clairages \u00e0 positionner en ext\u00e9rieur, pour jardin et terrasse, en classique, en design et en contemporain","robots":{"index":"index","follow":"follow","max-snippet":"max-snippet:-1","max-image-preview":"max-image-preview:large","max-video-preview":"max-video-preview:-1"},"canonical":"https:\/\/www.andeo.be\/blogwp\/category\/luminaires\/eclairages-exterieur\/","og_locale":"fr_FR","og_type":"article","og_title":"Archives des Eclairages ext\u00e9rieurs - The Blog by And\u00e9o","og_description":"Dans cette cat\u00e9gorie vous trouverez des \u00e9clairages \u00e0 positionner en ext\u00e9rieur, pour jardin et terrasse, en classique, en design et en contemporain","og_url":"https:\/\/www.andeo.be\/blogwp\/category\/luminaires\/eclairages-exterieur\/","og_site_name":"The Blog by And\u00e9o","twitter_card":"summary_large_image","schema":{"@context":"https:\/\/schema.org","@graph":[{"@type":"CollectionPage","@id":"https:\/\/www.andeo.be\/blogwp\/category\/luminaires\/eclairages-exterieur\/","url":"https:\/\/www.andeo.be\/blogwp\/category\/luminaires\/eclairages-exterieur\/","name":"Archives des Eclairages ext\u00e9rieurs - The Blog by And\u00e9o","isPartOf":{"@id":"https:\/\/www.andeo.be\/blogwp\/#website"},"description":"Dans cette cat\u00e9gorie vous trouverez des \u00e9clairages \u00e0 positionner en ext\u00e9rieur, pour jardin et terrasse, en classique, en design et en contemporain","breadcrumb":{"@id":"https:\/\/www.andeo.be\/blogwp\/category\/luminaires\/eclairages-exterieur\/#breadcrumb"},"inLanguage":"fr-FR"},{"@type":"BreadcrumbList","@id":"https:\/\/www.andeo.be\/blogwp\/category\/luminaires\/eclairages-exterieur\/#breadcrumb","itemListElement":[{"@type":"ListItem","position":1,"name":"Accueil","item":"https:\/\/www.andeo.be\/blogwp\/"},{"@type":"ListItem","position":2,"name":"Luminaires","item":"https:\/\/www.andeo.be\/blogwp\/category\/luminaires\/"},{"@type":"ListItem","position":3,"name":"Eclairages ext\u00e9rieurs"}]},{"@type":"WebSite","@id":"https:\/\/www.andeo.be\/blogwp\/#website","url":"https:\/\/www.andeo.be\/blogwp\/","name":"The Blog by And\u00e9o","description":"","publisher":{"@id":"https:\/\/www.andeo.be\/blogwp\/#organization"},"potentialAction":[{"@type":"SearchAction","target":{"@type":"EntryPoint","urlTemplate":"https:\/\/www.andeo.be\/blogwp\/?s={search_term_string}"},"query-input":{"@type":"PropertyValueSpecification","valueRequired":true,"valueName":"search_term_string"}}],"inLanguage":"fr-FR"},{"@type":"Organization","@id":"https:\/\/www.andeo.be\/blogwp\/#organization","name":"The Blog by And\u00e9o","url":"https:\/\/www.andeo.be\/blogwp\/","logo":{"@type":"ImageObject","inLanguage":"fr-FR","@id":"https:\/\/www.andeo.be\/blogwp\/#\/schema\/logo\/image\/","url":"https:\/\/www.andeo.be\/blogwp\/wp-content\/uploads\/2024\/02\/cropped-logo-andeo-sans-fond.png","contentUrl":"https:\/\/www.andeo.be\/blogwp\/wp-content\/uploads\/2024\/02\/cropped-logo-andeo-sans-fond.png","width":468,"height":277,"caption":"The Blog by And\u00e9o"},"image":{"@id":"https:\/\/www.andeo.be\/blogwp\/#\/schema\/logo\/image\/"}}]}},"_links":{"self":[{"href":"https:\/\/www.andeo.be\/blogwp\/wp-json\/wp\/v2\/categories\/11","targetHints":{"allow":["GET"]}}],"collection":[{"href":"https:\/\/www.andeo.be\/blogwp\/wp-json\/wp\/v2\/categories"}],"about":[{"href":"https:\/\/www.andeo.be\/blogwp\/wp-json\/wp\/v2\/taxonomies\/category"}],"up":[{"embeddable":true,"href":"https:\/\/www.andeo.be\/blogwp\/wp-json\/wp\/v2\/categories\/3"}],"wp:post_type":[{"href":"https:\/\/www.andeo.be\/blogwp\/wp-json\/wp\/v2\/posts?categories=11"}],"curies":[{"name":"wp","href":"https:\/\/api.w.org\/{rel}","templated":true}]}}