{"id":291,"date":"2024-03-22T17:34:23","date_gmt":"2024-03-22T16:34:23","guid":{"rendered":"https:\/\/www.andeo.be\/blogwp\/?p=291"},"modified":"2024-05-14T12:14:05","modified_gmt":"2024-05-14T10:14:05","slug":"lodes-cono-di-luce","status":"publish","type":"post","link":"https:\/\/www.andeo.be\/blogwp\/lodes-cono-di-luce\/","title":{"rendered":"Lodes Cono Di Luce"},"content":{"rendered":"\n<figure class=\"wp-block-gallery has-nested-images columns-default is-cropped wp-block-gallery-1 is-layout-flex wp-block-gallery-is-layout-flex\">\n<figure class=\"wp-block-image size-large\"><img loading=\"lazy\" decoding=\"async\" width=\"1024\" height=\"1024\" data-id=\"292\" src=\"https:\/\/www.andeo.be\/blogwp\/wp-content\/uploads\/2024\/03\/Lodes-Cono-di-Luce-3-1024x1024.jpg\" alt=\"Lodes Cono di Luce\" class=\"wp-image-292\" srcset=\"https:\/\/www.andeo.be\/blogwp\/wp-content\/uploads\/2024\/03\/Lodes-Cono-di-Luce-3-1024x1024.jpg 1024w, https:\/\/www.andeo.be\/blogwp\/wp-content\/uploads\/2024\/03\/Lodes-Cono-di-Luce-3-300x300.jpg 300w, https:\/\/www.andeo.be\/blogwp\/wp-content\/uploads\/2024\/03\/Lodes-Cono-di-Luce-3-150x150.jpg 150w, https:\/\/www.andeo.be\/blogwp\/wp-content\/uploads\/2024\/03\/Lodes-Cono-di-Luce-3-768x768.jpg 768w, https:\/\/www.andeo.be\/blogwp\/wp-content\/uploads\/2024\/03\/Lodes-Cono-di-Luce-3-750x750.jpg 750w, https:\/\/www.andeo.be\/blogwp\/wp-content\/uploads\/2024\/03\/Lodes-Cono-di-Luce-3-510x510.jpg 510w, https:\/\/www.andeo.be\/blogwp\/wp-content\/uploads\/2024\/03\/Lodes-Cono-di-Luce-3-160x160.jpg 160w, https:\/\/www.andeo.be\/blogwp\/wp-content\/uploads\/2024\/03\/Lodes-Cono-di-Luce-3.jpg 1200w\" sizes=\"auto, (max-width: 1024px) 100vw, 1024px\" \/><\/figure>\n<\/figure>\n\n\n\n<h2>Cono di Luce, illuminez avec style<\/h2>\n<p>La beaut\u00e9 et la fonctionnalit\u00e9 vont de pair lorsqu&#8217;il s&#8217;agit d&#8217;<strong>\u00e9clairage de qualit\u00e9<\/strong>. Le <a href=\"https:\/\/www.andeo-shop.com\/fr\/suspensions\/2284-lodes-cono-di-luce.html\" target=\"_blank\" rel=\"noopener\"><strong>Lodes Cono di Luce<\/strong><\/a>, est un chef-d&#8217;\u0153uvre de <strong>design<\/strong> et de technologie. Ces <strong>luminaires design<\/strong> refl\u00e8tent parfaitement cette approche. \u00a0Elles combinent harmonieusement l&#8217;esth\u00e9tique \u00e0 l&#8217;italienne, et avant-gardisme avec son <strong>\u00e9clairage led<\/strong> sur un <strong>circuit-imprim\u00e9<\/strong>. Dans cet article, nous explorerons les diff\u00e9rentes facettes de <strong>Cono di Luce<\/strong>, tout en mettant en <strong>lumi\u00e8re<\/strong> ce qui la rend si unique.<\/p>\n<h2>Lodes &amp; Ron Arad<\/h2>\n<p>Le <strong>Cono di Luce<\/strong> est une cr\u00e9ation du c\u00e9l\u00e8bre fabricant de <strong>luminaires Italien<\/strong> <strong>Lodes<\/strong>, r\u00e9put\u00e9 pour ses <strong>lampes<\/strong> au <strong>design unique<\/strong> et innovant. Ici, la marque s&#8217;est associ\u00e9e avec le c\u00e9l\u00e8bre designer <strong>Ron Arad<\/strong> afin de cr\u00e9er une collection de <strong>suspensions<\/strong> et une <strong>lampe de table<\/strong> au style sans pareil. Cette collection de <strong>lampes suspendues<\/strong> allient <strong>puret\u00e9<\/strong>\u00a0du <strong>design<\/strong> et <strong>modernisme<\/strong> par sa source <strong>lumineuse<\/strong>\u00a0en <strong>led<\/strong>. Celle-ci est de mani\u00e8re in\u00e9dite implant\u00e9e sur un circuit-imprim\u00e9 flexible, et fa\u00e7onn\u00e9 en forme de c\u00f4ne.<\/p>\n<p>Con\u00e7u pour r\u00e9pondre aux besoins des utilisateurs \u00e0 la recherche d&#8217;<strong>\u00e9clairage exceptionnel<\/strong> et fonctionnel. <strong>Cono di Luce<\/strong> se d\u00e9marque non seulement par son esth\u00e9tisme, mais \u00e9galement par sa performance \u00e9nerg\u00e9tique \u00e9lev\u00e9e.<\/p>\n<p>Ce <strong>luminaire tendance<\/strong> pr\u00e9sent\u00e9 en 2023 a remport\u00e9 un franc succ\u00e8s aupr\u00e8s des <a href=\"https:\/\/www.andeo.be\/lodes\" target=\"_blank\" rel=\"noopener\"><strong>revendeurs de la marque Lodes<\/strong><\/a>. Et depuis lors ces <strong>lampes<\/strong> embellissent certains showroom, comme par exemple le <a href=\"https:\/\/www.andeo.be\" target=\"_blank\" rel=\"noopener\"><strong>magasin de luminaires And\u00e9o \u00e0 Tournai en Belgique<\/strong><\/a>.<\/p>\n<h3>Caract\u00e9ristiques de Cono di Luce<\/h3>\n<p>Le <strong>Lodes Cono di Luce<\/strong> attire imm\u00e9diatement l&#8217;attention gr\u00e2ce \u00e0 sa forme \u00e9l\u00e9gante et moderne. Ses caract\u00e9ristiques principales sont les suivantes :<\/p>\n<ol>\n<li><strong>Design contemporain :<\/strong> La forme <strong>conique<\/strong> de ce <strong>luminaire<\/strong> en fait un choix id\u00e9al pour les int\u00e9rieurs <strong>modernes<\/strong> comme <strong>classiques<\/strong>.<\/li>\n<li><strong>Technologie LED :<\/strong> Le Lodes Cono di Luce utilise la technologie LED, reconnue pour son efficacit\u00e9 \u00e9nerg\u00e9tique et sa longue dur\u00e9e de vie, garantissant ainsi un \u00e9clairage adapt\u00e9 et durable.<\/li>\n<li><strong>Mat\u00e9riaux de haute qualit\u00e9 :<\/strong> R\u00e9alis\u00e9 en <strong>verre<\/strong> Pyrex et de polym\u00e8res avanc\u00e9es, ce <strong>luminaire<\/strong> assure r\u00e9sistance et durabilit\u00e9 tout en conservant une apparence raffin\u00e9e et \u00e9l\u00e9gante.<\/li>\n<\/ol>\n<h3>Vari\u00e9t\u00e9 de tailles et de couleurs<\/h3>\n<p>Afin de s&#8217;int\u00e9grer parfaitement dans diff\u00e9rents styles d&#8217;int\u00e9rieur, le <strong>Lodes Cono di Luce<\/strong> est disponible en diff\u00e9rentes finitions. En 45 cm et 60 cm en suspension, et en diff\u00e9rents coloris, gris, or et rouge.<\/p>\n<p><span style=\"font-size: revert; letter-spacing: 0em;\">Le mod\u00e8le <\/span><strong style=\"font-size: revert; letter-spacing: 0em;\">Cono di Luce Small<\/strong><span style=\"font-size: revert; letter-spacing: 0em;\">, id\u00e9al pour les plafonds \u00e0 hauteurs standards. Le <\/span><strong style=\"font-size: revert; letter-spacing: 0em;\">Cono di Luce Large<\/strong><span style=\"font-size: revert; letter-spacing: 0em;\"> pour les pi\u00e8ces \u00e0 plus haut plafond ou cherchant plus de prestance. Choisissez celui qui convient le mieux \u00e0 vos exigences sp\u00e9cifiques et \u00e0 votre d\u00e9cor existant.<\/span><\/p>\n<h2>Adapter Cono di Luce \u00e0 votre espace<\/h2>\n<p>L&#8217;un des avantages que <strong>Lodes<\/strong> a conf\u00e9r\u00e9 \u00e0 <strong>Cono di Luce<\/strong>, est sa polyvalence et son adaptabilit\u00e9 aux diff\u00e9rents espaces, qu&#8217;il s&#8217;agisse de nos maisons ou de lieux publics. Voici quelques suggestions pour int\u00e9grer ce <strong>luminaire<\/strong> \u00e0 votre espace :<\/p>\n<ul>\n<li><strong>Salon :<\/strong> Accrochez un grand mod\u00e8le de Lodes Cono di Luce dans votre salon pour cr\u00e9er une ambiance chaleureuse et accueillante tout en ajoutant une touche luxueuse \u00e0 la pi\u00e8ce.<\/li>\n<li><strong>Salle \u00e0 manger :<\/strong> Suspendez un ou plusieurs mod\u00e8les moyen ou grand au-dessus de votre table de salle \u00e0 manger pour un <strong>\u00e9clairage<\/strong> qui mettra en valeur votre espace repas.<\/li>\n<li><strong>Bureau :<\/strong> Utilisez diff\u00e9rents mod\u00e8les de <strong>Cono di Luce<\/strong> comme <strong>lampes de bureau<\/strong> pour un <strong>\u00e9clairage<\/strong> fonctionnel et esth\u00e9tiquement plaisant.<\/li>\n<li><strong>Espaces commerciaux :<\/strong> Le design raffin\u00e9 et moderne du <strong>Lodes Cono di Luce<\/strong> peut \u00e9galement \u00eatre utilis\u00e9 avec succ\u00e8s dans divers espaces publics, tels que les <strong>salles d&#8217;exposition<\/strong>, les <strong>h\u00f4tels<\/strong> ou les <strong>restaurants<\/strong>, pour un effet saisissant et \u00e9l\u00e9gant.<\/li>\n<\/ul>\n<h3>Cr\u00e9ez un ensemble harmonieux<\/h3>\n<p>Pour renforcer l&#8217;impact visuel et stylistique des <strong>luminaires Cono di Luce<\/strong>, associez plusieurs <strong>lampes<\/strong> de diff\u00e9rentes dimensions et couleurs.\u00a0Cette approche permet de cr\u00e9er un <strong>agencement lumineux<\/strong>\u00a0qui attire l&#8217;\u0153il et ajoute une dimension suppl\u00e9mentaire \u00e0 votre <strong>d\u00e9coration int\u00e9rieure<\/strong>.<\/p>\n<h3>Entretien et durabilit\u00e9<\/h3>\n<p>Gr\u00e2ce \u00e0 sa fabrication soign\u00e9e et aux mat\u00e9riaux de haute qualit\u00e9 utilis\u00e9s, <strong>Lodes Cono di Luce<\/strong> n\u00e9cessite peu d&#8217;entretien et offre une excellente durabilit\u00e9. La technologie <strong>LED<\/strong> int\u00e9gr\u00e9e fournit un <strong>\u00e9clairage de qualit\u00e9<\/strong> tout en garantissant une faible consommation d&#8217;\u00e9nergie. De plus, le <strong>luminaire<\/strong> est con\u00e7u pour faciliter le remplacement des composants d\u00e9fectueux ou us\u00e9s.<\/p>\n<p>En bref, <strong>Cono di Luce<\/strong> est un choix incontournable pour ceux qui recherchent \u00e0 la fois style et fonctionnalit\u00e9 dans leur int\u00e9rieur. Gr\u00e2ce \u00e0 sa conception unique et moderne, ce <strong>luminaire<\/strong> apporte instantan\u00e9ment <strong>\u00e9l\u00e9gance<\/strong> et <strong>raffinement<\/strong> \u00e0 n&#8217;importe quel espace qu&#8217;il occupe. Alors n&#8217;h\u00e9sitez pas \u00e0 int\u00e9grer ce <strong>chef-d&#8217;\u0153uvre d&#8217;\u00e9clairage<\/strong> \u00e0 votre d\u00e9co pour profiter d&#8217;un style visuellement impressionnant et unique.<\/p>\n\n\n\n<figure class=\"wp-block-gallery has-nested-images columns-default is-cropped wp-block-gallery-2 is-layout-flex wp-block-gallery-is-layout-flex\">\n<figure class=\"wp-block-image size-large\"><img loading=\"lazy\" decoding=\"async\" width=\"1024\" height=\"1024\" data-id=\"326\" src=\"https:\/\/www.andeo.be\/blogwp\/wp-content\/uploads\/2024\/03\/Lodes-Cono-di-Luce-2-1024x1024.jpg\" alt=\"Lodes Cono di Luce Suspension\" class=\"wp-image-326\" srcset=\"https:\/\/www.andeo.be\/blogwp\/wp-content\/uploads\/2024\/03\/Lodes-Cono-di-Luce-2-1024x1024.jpg 1024w, https:\/\/www.andeo.be\/blogwp\/wp-content\/uploads\/2024\/03\/Lodes-Cono-di-Luce-2-300x300.jpg 300w, https:\/\/www.andeo.be\/blogwp\/wp-content\/uploads\/2024\/03\/Lodes-Cono-di-Luce-2-150x150.jpg 150w, https:\/\/www.andeo.be\/blogwp\/wp-content\/uploads\/2024\/03\/Lodes-Cono-di-Luce-2-768x768.jpg 768w, https:\/\/www.andeo.be\/blogwp\/wp-content\/uploads\/2024\/03\/Lodes-Cono-di-Luce-2-750x750.jpg 750w, https:\/\/www.andeo.be\/blogwp\/wp-content\/uploads\/2024\/03\/Lodes-Cono-di-Luce-2-510x510.jpg 510w, https:\/\/www.andeo.be\/blogwp\/wp-content\/uploads\/2024\/03\/Lodes-Cono-di-Luce-2-160x160.jpg 160w, https:\/\/www.andeo.be\/blogwp\/wp-content\/uploads\/2024\/03\/Lodes-Cono-di-Luce-2.jpg 1200w\" sizes=\"auto, (max-width: 1024px) 100vw, 1024px\" \/><\/figure>\n\n\n\n<figure class=\"wp-block-image size-large\"><img loading=\"lazy\" decoding=\"async\" width=\"1024\" height=\"1024\" data-id=\"323\" src=\"https:\/\/www.andeo.be\/blogwp\/wp-content\/uploads\/2024\/03\/Lodes-Cono-di-Luce-1-1024x1024.jpg\" alt=\"Lodes Cono di Luce Small &amp; Large\" class=\"wp-image-323\" srcset=\"https:\/\/www.andeo.be\/blogwp\/wp-content\/uploads\/2024\/03\/Lodes-Cono-di-Luce-1-1024x1024.jpg 1024w, https:\/\/www.andeo.be\/blogwp\/wp-content\/uploads\/2024\/03\/Lodes-Cono-di-Luce-1-300x300.jpg 300w, https:\/\/www.andeo.be\/blogwp\/wp-content\/uploads\/2024\/03\/Lodes-Cono-di-Luce-1-150x150.jpg 150w, https:\/\/www.andeo.be\/blogwp\/wp-content\/uploads\/2024\/03\/Lodes-Cono-di-Luce-1-768x768.jpg 768w, https:\/\/www.andeo.be\/blogwp\/wp-content\/uploads\/2024\/03\/Lodes-Cono-di-Luce-1-750x750.jpg 750w, https:\/\/www.andeo.be\/blogwp\/wp-content\/uploads\/2024\/03\/Lodes-Cono-di-Luce-1-510x510.jpg 510w, https:\/\/www.andeo.be\/blogwp\/wp-content\/uploads\/2024\/03\/Lodes-Cono-di-Luce-1-160x160.jpg 160w, https:\/\/www.andeo.be\/blogwp\/wp-content\/uploads\/2024\/03\/Lodes-Cono-di-Luce-1.jpg 1200w\" sizes=\"auto, (max-width: 1024px) 100vw, 1024px\" \/><\/figure>\n\n\n\n<figure class=\"wp-block-image size-large\"><img loading=\"lazy\" decoding=\"async\" width=\"1024\" height=\"1024\" data-id=\"325\" src=\"https:\/\/www.andeo.be\/blogwp\/wp-content\/uploads\/2024\/03\/Lodes-Cono-di-Luce-4-1024x1024.jpg\" alt=\"Compositions de suspension Lodes Cono di Luce\" class=\"wp-image-325\" srcset=\"https:\/\/www.andeo.be\/blogwp\/wp-content\/uploads\/2024\/03\/Lodes-Cono-di-Luce-4-1024x1024.jpg 1024w, https:\/\/www.andeo.be\/blogwp\/wp-content\/uploads\/2024\/03\/Lodes-Cono-di-Luce-4-300x300.jpg 300w, https:\/\/www.andeo.be\/blogwp\/wp-content\/uploads\/2024\/03\/Lodes-Cono-di-Luce-4-150x150.jpg 150w, https:\/\/www.andeo.be\/blogwp\/wp-content\/uploads\/2024\/03\/Lodes-Cono-di-Luce-4-768x768.jpg 768w, https:\/\/www.andeo.be\/blogwp\/wp-content\/uploads\/2024\/03\/Lodes-Cono-di-Luce-4-750x750.jpg 750w, https:\/\/www.andeo.be\/blogwp\/wp-content\/uploads\/2024\/03\/Lodes-Cono-di-Luce-4-510x510.jpg 510w, https:\/\/www.andeo.be\/blogwp\/wp-content\/uploads\/2024\/03\/Lodes-Cono-di-Luce-4-160x160.jpg 160w, https:\/\/www.andeo.be\/blogwp\/wp-content\/uploads\/2024\/03\/Lodes-Cono-di-Luce-4.jpg 1200w\" sizes=\"auto, (max-width: 1024px) 100vw, 1024px\" \/><\/figure>\n\n\n\n<figure class=\"wp-block-image size-large\"><img loading=\"lazy\" decoding=\"async\" width=\"1024\" height=\"1024\" data-id=\"329\" src=\"https:\/\/www.andeo.be\/blogwp\/wp-content\/uploads\/2024\/03\/Lodes-Cono-di-Luce-5-1024x1024.jpg\" alt=\"Lodes Cono di Luce\" class=\"wp-image-329\" srcset=\"https:\/\/www.andeo.be\/blogwp\/wp-content\/uploads\/2024\/03\/Lodes-Cono-di-Luce-5-1024x1024.jpg 1024w, https:\/\/www.andeo.be\/blogwp\/wp-content\/uploads\/2024\/03\/Lodes-Cono-di-Luce-5-300x300.jpg 300w, https:\/\/www.andeo.be\/blogwp\/wp-content\/uploads\/2024\/03\/Lodes-Cono-di-Luce-5-150x150.jpg 150w, https:\/\/www.andeo.be\/blogwp\/wp-content\/uploads\/2024\/03\/Lodes-Cono-di-Luce-5-768x768.jpg 768w, https:\/\/www.andeo.be\/blogwp\/wp-content\/uploads\/2024\/03\/Lodes-Cono-di-Luce-5-750x750.jpg 750w, https:\/\/www.andeo.be\/blogwp\/wp-content\/uploads\/2024\/03\/Lodes-Cono-di-Luce-5-510x510.jpg 510w, https:\/\/www.andeo.be\/blogwp\/wp-content\/uploads\/2024\/03\/Lodes-Cono-di-Luce-5-160x160.jpg 160w, https:\/\/www.andeo.be\/blogwp\/wp-content\/uploads\/2024\/03\/Lodes-Cono-di-Luce-5.jpg 1200w\" sizes=\"auto, (max-width: 1024px) 100vw, 1024px\" \/><\/figure>\n\n\n\n<figure class=\"wp-block-image size-large\"><img loading=\"lazy\" decoding=\"async\" width=\"1024\" height=\"1024\" data-id=\"324\" src=\"https:\/\/www.andeo.be\/blogwp\/wp-content\/uploads\/2024\/03\/Lodes-Cono-di-Luce-Table-1-1024x1024.jpg\" alt=\"Lampe de table Lodes Cono di Luce\" class=\"wp-image-324\" srcset=\"https:\/\/www.andeo.be\/blogwp\/wp-content\/uploads\/2024\/03\/Lodes-Cono-di-Luce-Table-1-1024x1024.jpg 1024w, https:\/\/www.andeo.be\/blogwp\/wp-content\/uploads\/2024\/03\/Lodes-Cono-di-Luce-Table-1-300x300.jpg 300w, https:\/\/www.andeo.be\/blogwp\/wp-content\/uploads\/2024\/03\/Lodes-Cono-di-Luce-Table-1-150x150.jpg 150w, https:\/\/www.andeo.be\/blogwp\/wp-content\/uploads\/2024\/03\/Lodes-Cono-di-Luce-Table-1-768x768.jpg 768w, https:\/\/www.andeo.be\/blogwp\/wp-content\/uploads\/2024\/03\/Lodes-Cono-di-Luce-Table-1-750x750.jpg 750w, https:\/\/www.andeo.be\/blogwp\/wp-content\/uploads\/2024\/03\/Lodes-Cono-di-Luce-Table-1-510x510.jpg 510w, https:\/\/www.andeo.be\/blogwp\/wp-content\/uploads\/2024\/03\/Lodes-Cono-di-Luce-Table-1-160x160.jpg 160w, https:\/\/www.andeo.be\/blogwp\/wp-content\/uploads\/2024\/03\/Lodes-Cono-di-Luce-Table-1.jpg 1200w\" sizes=\"auto, (max-width: 1024px) 100vw, 1024px\" \/><\/figure>\n\n\n\n<figure class=\"wp-block-image size-large\"><img loading=\"lazy\" decoding=\"async\" width=\"1024\" height=\"1024\" data-id=\"327\" src=\"https:\/\/www.andeo.be\/blogwp\/wp-content\/uploads\/2024\/03\/Lodes-Cono-di-Luce-Table-2-1024x1024.jpg\" alt=\"Lodes Cono di Luce Table\" class=\"wp-image-327\" srcset=\"https:\/\/www.andeo.be\/blogwp\/wp-content\/uploads\/2024\/03\/Lodes-Cono-di-Luce-Table-2-1024x1024.jpg 1024w, https:\/\/www.andeo.be\/blogwp\/wp-content\/uploads\/2024\/03\/Lodes-Cono-di-Luce-Table-2-300x300.jpg 300w, https:\/\/www.andeo.be\/blogwp\/wp-content\/uploads\/2024\/03\/Lodes-Cono-di-Luce-Table-2-150x150.jpg 150w, https:\/\/www.andeo.be\/blogwp\/wp-content\/uploads\/2024\/03\/Lodes-Cono-di-Luce-Table-2-768x768.jpg 768w, https:\/\/www.andeo.be\/blogwp\/wp-content\/uploads\/2024\/03\/Lodes-Cono-di-Luce-Table-2-750x750.jpg 750w, https:\/\/www.andeo.be\/blogwp\/wp-content\/uploads\/2024\/03\/Lodes-Cono-di-Luce-Table-2-510x510.jpg 510w, https:\/\/www.andeo.be\/blogwp\/wp-content\/uploads\/2024\/03\/Lodes-Cono-di-Luce-Table-2-160x160.jpg 160w, https:\/\/www.andeo.be\/blogwp\/wp-content\/uploads\/2024\/03\/Lodes-Cono-di-Luce-Table-2.jpg 1200w\" sizes=\"auto, (max-width: 1024px) 100vw, 1024px\" \/><\/figure>\n\n\n\n<figure class=\"wp-block-image size-large\"><img loading=\"lazy\" decoding=\"async\" width=\"1024\" height=\"1024\" data-id=\"330\" src=\"https:\/\/www.andeo.be\/blogwp\/wp-content\/uploads\/2024\/03\/Lodes-Cono-di-Luce-Table-Light-1024x1024.jpg\" alt=\"Lodes Cono di Luce allum\u00e9e\" class=\"wp-image-330\" srcset=\"https:\/\/www.andeo.be\/blogwp\/wp-content\/uploads\/2024\/03\/Lodes-Cono-di-Luce-Table-Light-1024x1024.jpg 1024w, https:\/\/www.andeo.be\/blogwp\/wp-content\/uploads\/2024\/03\/Lodes-Cono-di-Luce-Table-Light-300x300.jpg 300w, https:\/\/www.andeo.be\/blogwp\/wp-content\/uploads\/2024\/03\/Lodes-Cono-di-Luce-Table-Light-150x150.jpg 150w, https:\/\/www.andeo.be\/blogwp\/wp-content\/uploads\/2024\/03\/Lodes-Cono-di-Luce-Table-Light-768x768.jpg 768w, https:\/\/www.andeo.be\/blogwp\/wp-content\/uploads\/2024\/03\/Lodes-Cono-di-Luce-Table-Light-750x750.jpg 750w, https:\/\/www.andeo.be\/blogwp\/wp-content\/uploads\/2024\/03\/Lodes-Cono-di-Luce-Table-Light-510x510.jpg 510w, https:\/\/www.andeo.be\/blogwp\/wp-content\/uploads\/2024\/03\/Lodes-Cono-di-Luce-Table-Light-160x160.jpg 160w, https:\/\/www.andeo.be\/blogwp\/wp-content\/uploads\/2024\/03\/Lodes-Cono-di-Luce-Table-Light.jpg 1200w\" sizes=\"auto, (max-width: 1024px) 100vw, 1024px\" \/><\/figure>\n\n\n\n<figure class=\"wp-block-image size-large\"><img loading=\"lazy\" decoding=\"async\" width=\"1024\" height=\"1024\" data-id=\"328\" src=\"https:\/\/www.andeo.be\/blogwp\/wp-content\/uploads\/2024\/03\/Lodes-Cono-di-Luce-Table-No-Light-1024x1024.jpg\" alt=\"Lodes Cono di Luce \u00e9teinte\" class=\"wp-image-328\" srcset=\"https:\/\/www.andeo.be\/blogwp\/wp-content\/uploads\/2024\/03\/Lodes-Cono-di-Luce-Table-No-Light-1024x1024.jpg 1024w, https:\/\/www.andeo.be\/blogwp\/wp-content\/uploads\/2024\/03\/Lodes-Cono-di-Luce-Table-No-Light-300x300.jpg 300w, https:\/\/www.andeo.be\/blogwp\/wp-content\/uploads\/2024\/03\/Lodes-Cono-di-Luce-Table-No-Light-150x150.jpg 150w, https:\/\/www.andeo.be\/blogwp\/wp-content\/uploads\/2024\/03\/Lodes-Cono-di-Luce-Table-No-Light-768x768.jpg 768w, https:\/\/www.andeo.be\/blogwp\/wp-content\/uploads\/2024\/03\/Lodes-Cono-di-Luce-Table-No-Light-750x750.jpg 750w, https:\/\/www.andeo.be\/blogwp\/wp-content\/uploads\/2024\/03\/Lodes-Cono-di-Luce-Table-No-Light-510x510.jpg 510w, https:\/\/www.andeo.be\/blogwp\/wp-content\/uploads\/2024\/03\/Lodes-Cono-di-Luce-Table-No-Light-160x160.jpg 160w, https:\/\/www.andeo.be\/blogwp\/wp-content\/uploads\/2024\/03\/Lodes-Cono-di-Luce-Table-No-Light.jpg 1200w\" sizes=\"auto, (max-width: 1024px) 100vw, 1024px\" \/><\/figure>\n<\/figure>\n","protected":false},"excerpt":{"rendered":"<p>Cono di Luce, illuminez avec style La beaut\u00e9 et la fonctionnalit\u00e9 vont de pair lorsqu&#8217;il s&#8217;agit d&#8217;\u00e9clairage de qualit\u00e9. Le Lodes Cono di Luce, est un chef-d&#8217;\u0153uvre de design et de technologie. Ces luminaires design [&hellip;]<\/p>\n","protected":false},"author":1,"featured_media":292,"comment_status":"closed","ping_status":"closed","sticky":false,"template":"","format":"standard","meta":{"footnotes":""},"categories":[8,3,4],"tags":[],"class_list":["post-291","post","type-post","status-publish","format-standard","has-post-thumbnail","hentry","category-lampes-a-poser","category-luminaires","category-suspensions"],"yoast_head":"<!-- This site is optimized with the Yoast SEO plugin v27.4 - https:\/\/yoast.com\/product\/yoast-seo-wordpress\/ -->\n<title>Lodes Cono di Luce un Luminaire Design en Suspension - The Blog by And\u00e9o<\/title>\n<meta name=\"description\" content=\"Cono di Luce, une collection de lampes design du fabricant de luminaires Italien Lodes et du designer Ron Arad, en suspension et de table\" \/>\n<meta name=\"robots\" content=\"index, follow, max-snippet:-1, max-image-preview:large, max-video-preview:-1\" \/>\n<link rel=\"canonical\" href=\"https:\/\/www.andeo.be\/blogwp\/lodes-cono-di-luce\/\" \/>\n<meta property=\"og:locale\" content=\"fr_FR\" \/>\n<meta property=\"og:type\" content=\"article\" \/>\n<meta property=\"og:title\" content=\"Lodes Cono di Luce un Luminaire Design en Suspension - The Blog by And\u00e9o\" \/>\n<meta property=\"og:description\" content=\"Cono di Luce, une collection de lampes design du fabricant de luminaires Italien Lodes et du designer Ron Arad, en suspension et de table\" \/>\n<meta property=\"og:url\" content=\"https:\/\/www.andeo.be\/blogwp\/lodes-cono-di-luce\/\" \/>\n<meta property=\"og:site_name\" content=\"The Blog by And\u00e9o\" \/>\n<meta property=\"article:published_time\" content=\"2024-03-22T16:34:23+00:00\" \/>\n<meta property=\"article:modified_time\" content=\"2024-05-14T10:14:05+00:00\" \/>\n<meta property=\"og:image\" content=\"https:\/\/www.andeo.be\/blogwp\/wp-content\/uploads\/2024\/03\/Lodes-Cono-di-Luce-3.jpg\" \/>\n\t<meta property=\"og:image:width\" content=\"1200\" \/>\n\t<meta property=\"og:image:height\" content=\"1200\" \/>\n\t<meta property=\"og:image:type\" content=\"image\/jpeg\" \/>\n<meta name=\"author\" content=\"reivilo\" \/>\n<meta name=\"twitter:card\" content=\"summary_large_image\" \/>\n<meta name=\"twitter:label1\" content=\"\u00c9crit par\" \/>\n\t<meta name=\"twitter:data1\" content=\"reivilo\" \/>\n\t<meta name=\"twitter:label2\" content=\"Dur\u00e9e de lecture estim\u00e9e\" \/>\n\t<meta name=\"twitter:data2\" content=\"6 minutes\" \/>\n<script type=\"application\/ld+json\" class=\"yoast-schema-graph\">{\"@context\":\"https:\\\/\\\/schema.org\",\"@graph\":[{\"@type\":\"Article\",\"@id\":\"https:\\\/\\\/www.andeo.be\\\/blogwp\\\/lodes-cono-di-luce\\\/#article\",\"isPartOf\":{\"@id\":\"https:\\\/\\\/www.andeo.be\\\/blogwp\\\/lodes-cono-di-luce\\\/\"},\"author\":{\"name\":\"reivilo\",\"@id\":\"https:\\\/\\\/www.andeo.be\\\/blogwp\\\/#\\\/schema\\\/person\\\/c8bdc396c377f8a9a5fc0a6af682df4c\"},\"headline\":\"Lodes Cono Di Luce\",\"datePublished\":\"2024-03-22T16:34:23+00:00\",\"dateModified\":\"2024-05-14T10:14:05+00:00\",\"mainEntityOfPage\":{\"@id\":\"https:\\\/\\\/www.andeo.be\\\/blogwp\\\/lodes-cono-di-luce\\\/\"},\"wordCount\":818,\"publisher\":{\"@id\":\"https:\\\/\\\/www.andeo.be\\\/blogwp\\\/#organization\"},\"image\":{\"@id\":\"https:\\\/\\\/www.andeo.be\\\/blogwp\\\/lodes-cono-di-luce\\\/#primaryimage\"},\"thumbnailUrl\":\"https:\\\/\\\/www.andeo.be\\\/blogwp\\\/wp-content\\\/uploads\\\/2024\\\/03\\\/Lodes-Cono-di-Luce-3.jpg\",\"articleSection\":[\"Lampes \u00e0 poser\",\"Luminaires\",\"Suspensions\"],\"inLanguage\":\"fr-FR\"},{\"@type\":\"WebPage\",\"@id\":\"https:\\\/\\\/www.andeo.be\\\/blogwp\\\/lodes-cono-di-luce\\\/\",\"url\":\"https:\\\/\\\/www.andeo.be\\\/blogwp\\\/lodes-cono-di-luce\\\/\",\"name\":\"Lodes Cono di Luce un Luminaire Design en Suspension - The Blog by And\u00e9o\",\"isPartOf\":{\"@id\":\"https:\\\/\\\/www.andeo.be\\\/blogwp\\\/#website\"},\"primaryImageOfPage\":{\"@id\":\"https:\\\/\\\/www.andeo.be\\\/blogwp\\\/lodes-cono-di-luce\\\/#primaryimage\"},\"image\":{\"@id\":\"https:\\\/\\\/www.andeo.be\\\/blogwp\\\/lodes-cono-di-luce\\\/#primaryimage\"},\"thumbnailUrl\":\"https:\\\/\\\/www.andeo.be\\\/blogwp\\\/wp-content\\\/uploads\\\/2024\\\/03\\\/Lodes-Cono-di-Luce-3.jpg\",\"datePublished\":\"2024-03-22T16:34:23+00:00\",\"dateModified\":\"2024-05-14T10:14:05+00:00\",\"description\":\"Cono di Luce, une collection de lampes design du fabricant de luminaires Italien Lodes et du designer Ron Arad, en suspension et de table\",\"breadcrumb\":{\"@id\":\"https:\\\/\\\/www.andeo.be\\\/blogwp\\\/lodes-cono-di-luce\\\/#breadcrumb\"},\"inLanguage\":\"fr-FR\",\"potentialAction\":[{\"@type\":\"ReadAction\",\"target\":[\"https:\\\/\\\/www.andeo.be\\\/blogwp\\\/lodes-cono-di-luce\\\/\"]}]},{\"@type\":\"ImageObject\",\"inLanguage\":\"fr-FR\",\"@id\":\"https:\\\/\\\/www.andeo.be\\\/blogwp\\\/lodes-cono-di-luce\\\/#primaryimage\",\"url\":\"https:\\\/\\\/www.andeo.be\\\/blogwp\\\/wp-content\\\/uploads\\\/2024\\\/03\\\/Lodes-Cono-di-Luce-3.jpg\",\"contentUrl\":\"https:\\\/\\\/www.andeo.be\\\/blogwp\\\/wp-content\\\/uploads\\\/2024\\\/03\\\/Lodes-Cono-di-Luce-3.jpg\",\"width\":1200,\"height\":1200,\"caption\":\"Lodes Cono di Luce\"},{\"@type\":\"BreadcrumbList\",\"@id\":\"https:\\\/\\\/www.andeo.be\\\/blogwp\\\/lodes-cono-di-luce\\\/#breadcrumb\",\"itemListElement\":[{\"@type\":\"ListItem\",\"position\":1,\"name\":\"Accueil\",\"item\":\"https:\\\/\\\/www.andeo.be\\\/blogwp\\\/\"},{\"@type\":\"ListItem\",\"position\":2,\"name\":\"Lodes Cono Di Luce\"}]},{\"@type\":\"WebSite\",\"@id\":\"https:\\\/\\\/www.andeo.be\\\/blogwp\\\/#website\",\"url\":\"https:\\\/\\\/www.andeo.be\\\/blogwp\\\/\",\"name\":\"The Blog by And\u00e9o\",\"description\":\"\",\"publisher\":{\"@id\":\"https:\\\/\\\/www.andeo.be\\\/blogwp\\\/#organization\"},\"potentialAction\":[{\"@type\":\"SearchAction\",\"target\":{\"@type\":\"EntryPoint\",\"urlTemplate\":\"https:\\\/\\\/www.andeo.be\\\/blogwp\\\/?s={search_term_string}\"},\"query-input\":{\"@type\":\"PropertyValueSpecification\",\"valueRequired\":true,\"valueName\":\"search_term_string\"}}],\"inLanguage\":\"fr-FR\"},{\"@type\":\"Organization\",\"@id\":\"https:\\\/\\\/www.andeo.be\\\/blogwp\\\/#organization\",\"name\":\"The Blog by And\u00e9o\",\"url\":\"https:\\\/\\\/www.andeo.be\\\/blogwp\\\/\",\"logo\":{\"@type\":\"ImageObject\",\"inLanguage\":\"fr-FR\",\"@id\":\"https:\\\/\\\/www.andeo.be\\\/blogwp\\\/#\\\/schema\\\/logo\\\/image\\\/\",\"url\":\"https:\\\/\\\/www.andeo.be\\\/blogwp\\\/wp-content\\\/uploads\\\/2024\\\/02\\\/cropped-logo-andeo-sans-fond.png\",\"contentUrl\":\"https:\\\/\\\/www.andeo.be\\\/blogwp\\\/wp-content\\\/uploads\\\/2024\\\/02\\\/cropped-logo-andeo-sans-fond.png\",\"width\":468,\"height\":277,\"caption\":\"The Blog by And\u00e9o\"},\"image\":{\"@id\":\"https:\\\/\\\/www.andeo.be\\\/blogwp\\\/#\\\/schema\\\/logo\\\/image\\\/\"}},{\"@type\":\"Person\",\"@id\":\"https:\\\/\\\/www.andeo.be\\\/blogwp\\\/#\\\/schema\\\/person\\\/c8bdc396c377f8a9a5fc0a6af682df4c\",\"name\":\"reivilo\",\"sameAs\":[\"https:\\\/\\\/www.andeo.be\\\/blogwp\"],\"url\":\"https:\\\/\\\/www.andeo.be\\\/blogwp\\\/author\\\/reivilo\\\/\"}]}<\/script>\n<!-- \/ Yoast SEO plugin. -->","yoast_head_json":{"title":"Lodes Cono di Luce un Luminaire Design en Suspension - The Blog by And\u00e9o","description":"Cono di Luce, une collection de lampes design du fabricant de luminaires Italien Lodes et du designer Ron Arad, en suspension et de table","robots":{"index":"index","follow":"follow","max-snippet":"max-snippet:-1","max-image-preview":"max-image-preview:large","max-video-preview":"max-video-preview:-1"},"canonical":"https:\/\/www.andeo.be\/blogwp\/lodes-cono-di-luce\/","og_locale":"fr_FR","og_type":"article","og_title":"Lodes Cono di Luce un Luminaire Design en Suspension - The Blog by And\u00e9o","og_description":"Cono di Luce, une collection de lampes design du fabricant de luminaires Italien Lodes et du designer Ron Arad, en suspension et de table","og_url":"https:\/\/www.andeo.be\/blogwp\/lodes-cono-di-luce\/","og_site_name":"The Blog by And\u00e9o","article_published_time":"2024-03-22T16:34:23+00:00","article_modified_time":"2024-05-14T10:14:05+00:00","og_image":[{"width":1200,"height":1200,"url":"https:\/\/www.andeo.be\/blogwp\/wp-content\/uploads\/2024\/03\/Lodes-Cono-di-Luce-3.jpg","type":"image\/jpeg"}],"author":"reivilo","twitter_card":"summary_large_image","twitter_misc":{"\u00c9crit par":"reivilo","Dur\u00e9e de lecture estim\u00e9e":"6 minutes"},"schema":{"@context":"https:\/\/schema.org","@graph":[{"@type":"Article","@id":"https:\/\/www.andeo.be\/blogwp\/lodes-cono-di-luce\/#article","isPartOf":{"@id":"https:\/\/www.andeo.be\/blogwp\/lodes-cono-di-luce\/"},"author":{"name":"reivilo","@id":"https:\/\/www.andeo.be\/blogwp\/#\/schema\/person\/c8bdc396c377f8a9a5fc0a6af682df4c"},"headline":"Lodes Cono Di Luce","datePublished":"2024-03-22T16:34:23+00:00","dateModified":"2024-05-14T10:14:05+00:00","mainEntityOfPage":{"@id":"https:\/\/www.andeo.be\/blogwp\/lodes-cono-di-luce\/"},"wordCount":818,"publisher":{"@id":"https:\/\/www.andeo.be\/blogwp\/#organization"},"image":{"@id":"https:\/\/www.andeo.be\/blogwp\/lodes-cono-di-luce\/#primaryimage"},"thumbnailUrl":"https:\/\/www.andeo.be\/blogwp\/wp-content\/uploads\/2024\/03\/Lodes-Cono-di-Luce-3.jpg","articleSection":["Lampes \u00e0 poser","Luminaires","Suspensions"],"inLanguage":"fr-FR"},{"@type":"WebPage","@id":"https:\/\/www.andeo.be\/blogwp\/lodes-cono-di-luce\/","url":"https:\/\/www.andeo.be\/blogwp\/lodes-cono-di-luce\/","name":"Lodes Cono di Luce un Luminaire Design en Suspension - The Blog by And\u00e9o","isPartOf":{"@id":"https:\/\/www.andeo.be\/blogwp\/#website"},"primaryImageOfPage":{"@id":"https:\/\/www.andeo.be\/blogwp\/lodes-cono-di-luce\/#primaryimage"},"image":{"@id":"https:\/\/www.andeo.be\/blogwp\/lodes-cono-di-luce\/#primaryimage"},"thumbnailUrl":"https:\/\/www.andeo.be\/blogwp\/wp-content\/uploads\/2024\/03\/Lodes-Cono-di-Luce-3.jpg","datePublished":"2024-03-22T16:34:23+00:00","dateModified":"2024-05-14T10:14:05+00:00","description":"Cono di Luce, une collection de lampes design du fabricant de luminaires Italien Lodes et du designer Ron Arad, en suspension et de table","breadcrumb":{"@id":"https:\/\/www.andeo.be\/blogwp\/lodes-cono-di-luce\/#breadcrumb"},"inLanguage":"fr-FR","potentialAction":[{"@type":"ReadAction","target":["https:\/\/www.andeo.be\/blogwp\/lodes-cono-di-luce\/"]}]},{"@type":"ImageObject","inLanguage":"fr-FR","@id":"https:\/\/www.andeo.be\/blogwp\/lodes-cono-di-luce\/#primaryimage","url":"https:\/\/www.andeo.be\/blogwp\/wp-content\/uploads\/2024\/03\/Lodes-Cono-di-Luce-3.jpg","contentUrl":"https:\/\/www.andeo.be\/blogwp\/wp-content\/uploads\/2024\/03\/Lodes-Cono-di-Luce-3.jpg","width":1200,"height":1200,"caption":"Lodes Cono di Luce"},{"@type":"BreadcrumbList","@id":"https:\/\/www.andeo.be\/blogwp\/lodes-cono-di-luce\/#breadcrumb","itemListElement":[{"@type":"ListItem","position":1,"name":"Accueil","item":"https:\/\/www.andeo.be\/blogwp\/"},{"@type":"ListItem","position":2,"name":"Lodes Cono Di Luce"}]},{"@type":"WebSite","@id":"https:\/\/www.andeo.be\/blogwp\/#website","url":"https:\/\/www.andeo.be\/blogwp\/","name":"The Blog by And\u00e9o","description":"","publisher":{"@id":"https:\/\/www.andeo.be\/blogwp\/#organization"},"potentialAction":[{"@type":"SearchAction","target":{"@type":"EntryPoint","urlTemplate":"https:\/\/www.andeo.be\/blogwp\/?s={search_term_string}"},"query-input":{"@type":"PropertyValueSpecification","valueRequired":true,"valueName":"search_term_string"}}],"inLanguage":"fr-FR"},{"@type":"Organization","@id":"https:\/\/www.andeo.be\/blogwp\/#organization","name":"The Blog by And\u00e9o","url":"https:\/\/www.andeo.be\/blogwp\/","logo":{"@type":"ImageObject","inLanguage":"fr-FR","@id":"https:\/\/www.andeo.be\/blogwp\/#\/schema\/logo\/image\/","url":"https:\/\/www.andeo.be\/blogwp\/wp-content\/uploads\/2024\/02\/cropped-logo-andeo-sans-fond.png","contentUrl":"https:\/\/www.andeo.be\/blogwp\/wp-content\/uploads\/2024\/02\/cropped-logo-andeo-sans-fond.png","width":468,"height":277,"caption":"The Blog by And\u00e9o"},"image":{"@id":"https:\/\/www.andeo.be\/blogwp\/#\/schema\/logo\/image\/"}},{"@type":"Person","@id":"https:\/\/www.andeo.be\/blogwp\/#\/schema\/person\/c8bdc396c377f8a9a5fc0a6af682df4c","name":"reivilo","sameAs":["https:\/\/www.andeo.be\/blogwp"],"url":"https:\/\/www.andeo.be\/blogwp\/author\/reivilo\/"}]}},"_links":{"self":[{"href":"https:\/\/www.andeo.be\/blogwp\/wp-json\/wp\/v2\/posts\/291","targetHints":{"allow":["GET"]}}],"collection":[{"href":"https:\/\/www.andeo.be\/blogwp\/wp-json\/wp\/v2\/posts"}],"about":[{"href":"https:\/\/www.andeo.be\/blogwp\/wp-json\/wp\/v2\/types\/post"}],"author":[{"embeddable":true,"href":"https:\/\/www.andeo.be\/blogwp\/wp-json\/wp\/v2\/users\/1"}],"replies":[{"embeddable":true,"href":"https:\/\/www.andeo.be\/blogwp\/wp-json\/wp\/v2\/comments?post=291"}],"version-history":[{"count":33,"href":"https:\/\/www.andeo.be\/blogwp\/wp-json\/wp\/v2\/posts\/291\/revisions"}],"predecessor-version":[{"id":335,"href":"https:\/\/www.andeo.be\/blogwp\/wp-json\/wp\/v2\/posts\/291\/revisions\/335"}],"wp:featuredmedia":[{"embeddable":true,"href":"https:\/\/www.andeo.be\/blogwp\/wp-json\/wp\/v2\/media\/292"}],"wp:attachment":[{"href":"https:\/\/www.andeo.be\/blogwp\/wp-json\/wp\/v2\/media?parent=291"}],"wp:term":[{"taxonomy":"category","embeddable":true,"href":"https:\/\/www.andeo.be\/blogwp\/wp-json\/wp\/v2\/categories?post=291"},{"taxonomy":"post_tag","embeddable":true,"href":"https:\/\/www.andeo.be\/blogwp\/wp-json\/wp\/v2\/tags?post=291"}],"curies":[{"name":"wp","href":"https:\/\/api.w.org\/{rel}","templated":true}]}}