{"id":716,"date":"2024-09-06T18:08:59","date_gmt":"2024-09-06T16:08:59","guid":{"rendered":"https:\/\/www.andeo.be\/blogwp\/?p=716"},"modified":"2026-02-01T18:18:30","modified_gmt":"2026-02-01T17:18:30","slug":"jules-wabbes-et-wever-ducre-lalliance-parfaite","status":"publish","type":"post","link":"https:\/\/www.andeo.be\/blogwp\/jules-wabbes-et-wever-ducre-lalliance-parfaite\/","title":{"rendered":"Jules Wabbes et Wever &amp; Ducr\u00e9, l&#8217;alliance parfaite"},"content":{"rendered":"\n<p>La collection <strong>Jules Wabbes<\/strong> de <strong>Wever &amp; Ducr\u00e9<\/strong> incarne \u00e0 la perfection le mariage subtil entre <strong>luminaires design<\/strong> et fonctionnalit\u00e9. Inspir\u00e9e par le c\u00e9l\u00e8bre <strong>designer belge<\/strong> <strong>Jules Wabbes<\/strong>, cette gamme met en <strong>lumi\u00e8re<\/strong> un savoir-faire unique, o\u00f9 chaque d\u00e9tail est pens\u00e9 pour sublimer les int\u00e9rieurs les plus exigeants. Con\u00e7ue pour r\u00e9pondre aux besoins des amateurs de <strong>design<\/strong> raffin\u00e9, elle propose des <strong>appliques<\/strong>, <strong>plafonniers<\/strong> et <strong>suspensions<\/strong> aux lignes \u00e9l\u00e9gantes et captivantes par leur simplicit\u00e9 et leur sophistication.<\/p>\n<p>Si vous \u00eates \u00e0 la recherche d\u2019un <strong>\u00e9clairage<\/strong> qui allie <strong>modernit\u00e9<\/strong> et <strong>intemporalit\u00e9<\/strong>, les <strong>luminaires<\/strong> de cette collection sont faits pour vous. Ils sont la quintessence du <strong>design<\/strong> belge, \u00e9pur\u00e9 et fonctionnel, tout en restant profond\u00e9ment esth\u00e9tiques.<\/p>\n<h3><strong>Wever &amp; Ducr\u00e9 J.J.W. 01 : Le minimalisme au service de l&#8217;\u00e9l\u00e9gance<\/strong><\/h3>\n<p>Le mod\u00e8le <a href=\"https:\/\/www.andeo-shop.com\/fr\/luminaires-appliques\/1305-wever-ducre-jjw.html#\/63-couleur-or\/789-type-01\" target=\"_blank\" rel=\"noopener\"><strong>Wever &amp; Ducr\u00e9 J.J.W. 01<\/strong><\/a> est l\u2019une des pi\u00e8ces ma\u00eetresses de cette collection. Ce <strong>luminaire<\/strong> repr\u00e9sente \u00e0 lui seul l\u2019essence du minimalisme, avec des lignes pures et une forme g\u00e9om\u00e9trique soign\u00e9e. Cette applique est con\u00e7ue pour s\u2019int\u00e9grer facilement dans diff\u00e9rents espaces.<\/p>\n<p>Ce qui rend le <strong>J.J.W. 01<\/strong> si attrayant, c\u2019est sa capacit\u00e9 \u00e0 se fondre dans divers styles d\u2019int\u00e9rieurs tout en apportant une touche subtile de modernit\u00e9. Que vous cherchiez \u00e0 illuminer un salon, une salle \u00e0 manger ou m\u00eame un bureau, ce <strong>luminaire<\/strong> est un choix parfait. Sa <strong>lumi\u00e8re<\/strong> douce cr\u00e9e une atmosph\u00e8re accueillante et chaleureuse, tout en mettant en valeur les \u00e9l\u00e9ments d\u00e9coratifs environnants.<\/p>\n<p>Avec son design \u00e9pur\u00e9, le <strong>Wever &amp; Ducr\u00e9 J.J.W. 01<\/strong> est id\u00e9al pour les amateurs de <strong>luminaires modernes<\/strong> qui privil\u00e9gient la sobri\u00e9t\u00e9 et l\u2019efficacit\u00e9. Il devient rapidement une pi\u00e8ce indispensable pour quiconque cherche \u00e0 am\u00e9liorer l\u2019ambiance d\u2019un espace tout en apportant une touche de raffinement.<\/p>\n<h3><strong>Wever &amp; Ducr\u00e9 J.J.W. 02 : Une applique sculpturale pour des espaces contemporains<\/strong><\/h3>\n<p>Si vous cherchez un <strong>luminaire mural<\/strong> qui fait \u00e0 la fois office d\u2019objet <strong>d\u00e9coratif<\/strong> et de source de <strong>lumi\u00e8re<\/strong> efficace, alors le <a href=\"https:\/\/www.andeo-shop.com\/fr\/luminaires-appliques\/1305-wever-ducre-jjw.html#\/63-couleur-or\/790-type-02\" target=\"_blank\" rel=\"noopener\" data-wplink-edit=\"true\"><strong>Wever &amp; Ducr\u00e9 J.J.W. 02<\/strong><\/a> est fait pour vous. Ce mod\u00e8le se distingue par son aspect sculptural qui rappelle les cr\u00e9ations d\u2019art <strong>moderne<\/strong>. Il ne s\u2019agit pas seulement d\u2019un <strong>luminaire<\/strong> fonctionnel. Mais \u00e9galement d\u2019un \u00e9l\u00e9ment qui peut transformer un mur en v\u00e9ritable <strong>\u0153uvre d\u2019art<\/strong>.<\/p>\n<p>Con\u00e7ue comme une <strong>applique<\/strong> discr\u00e8te, elle offre une <strong>lumi\u00e8re douce<\/strong> et diffuse. Id\u00e9ale pour cr\u00e9er une ambiance cosy dans un salon ou un couloir. Ce mod\u00e8le est parfait pour ceux qui appr\u00e9cient les <strong>luminaires design<\/strong> avec un caract\u00e8re affirm\u00e9. Le <strong>J.J.W. 02<\/strong>\u00a0 r\u00e9ussit \u00e0 trouver un \u00e9quilibre entre un <strong>\u00e9clairage<\/strong> agr\u00e9able et une esth\u00e9tique marqu\u00e9e, avec des finitions de qualit\u00e9 qui attirent instantan\u00e9ment le regard.<\/p>\n<p>Cette <strong>applique murale<\/strong> s\u2019int\u00e8gre parfaitement dans un int\u00e9rieur <strong>contemporain<\/strong>, mais peut \u00e9galement servir de contraste dans une pi\u00e8ce plus <strong>classique<\/strong>. Son caract\u00e8re polyvalent en fait une option de choix pour ceux qui cherchent \u00e0 personnaliser leur d\u00e9coration avec un <strong>\u00e9clairage moderne<\/strong>. De plus, sa disposition permet de jouer sur les <strong>effets de lumi\u00e8re<\/strong> et d\u2019<strong>ombres<\/strong>, cr\u00e9ant ainsi une atmosph\u00e8re unique.<\/p>\n<h3><strong>Wever &amp; Ducr\u00e9 J.J.W. 03 : Un plafonnier subtil et polyvalent<\/strong><\/h3>\n<p>Dans un int\u00e9rieur, le choix du <strong>plafonnier<\/strong> est crucial. Il doit non seulement offrir une <strong>lumi\u00e8re<\/strong> adapt\u00e9e, mais \u00e9galement compl\u00e9ter l\u2019esth\u00e9tique de la pi\u00e8ce. Le <a href=\"https:\/\/www.andeo-shop.com\/fr\/plafonniers\/1777-wever-ducr\u00e9-jjw-03.html\" target=\"_blank\" rel=\"noopener\"><strong>Wever &amp; Ducr\u00e9 J.J.W. 03<\/strong><\/a> r\u00e9pond parfaitement \u00e0 cette exigence avec son <strong>design<\/strong> subtil et <strong>intemporel<\/strong>. Il s\u2019int\u00e8gre ais\u00e9ment dans toutes sortes de pi\u00e8ces. Des espaces de vie aux chambres \u00e0 coucher en passant par les halls d\u2019entr\u00e9e.<\/p>\n<p>Ce <strong>luminaire<\/strong> se caract\u00e9rise par son <strong>design<\/strong> circulaire, apportant une touche de rondeur et de douceur \u00e0 l\u2019espace. Il diffuse une <strong>lumi\u00e8re<\/strong> homog\u00e8ne qui permet d\u2019illuminer la pi\u00e8ce de mani\u00e8re agr\u00e9able sans \u00eatre trop \u00e9blouissante. Ce mod\u00e8le est particuli\u00e8rement recommand\u00e9 pour ceux qui recherchent un <strong>\u00e9clairage fonctionnel<\/strong>. Mais qui ne veulent pas faire de compromis sur le style.<\/p>\n<p>Le <strong>J.J.W. 03<\/strong> est disponible diff\u00e9rents coloris, ce qui permet de l\u2019adapter en fonction de votre d\u00e9coration et de vos besoins en <strong>\u00e9clairage<\/strong>. Que vous ayez une grande pi\u00e8ce \u00e0 illuminer ou un espace plus restreint, ce <strong>plafonnier Wabbes<\/strong> s\u2019ajuste parfaitement \u00e0 votre projet.<\/p>\n<h3><strong>Wever &amp; Ducr\u00e9 J.J.W. 04 : La suspension qui sublime les espaces de vie<\/strong><\/h3>\n<p>Le <a href=\"https:\/\/www.andeo-shop.com\/fr\/suspensions\/1292-wever-ducre-jjw04.html\" target=\"_blank\" rel=\"noopener\"><strong>Wever &amp; Ducr\u00e9 J.J.W. 04<\/strong><\/a> est un mod\u00e8le de <strong>suspension<\/strong> qui ne laisse personne indiff\u00e9rent. \u00c9l\u00e9gant et raffin\u00e9, ce <strong>luminaire<\/strong> est id\u00e9al pour les espaces de vie comme les salles \u00e0 manger ou les salons. Sa forme g\u00e9om\u00e9trique rappelle l\u2019inspiration moderniste de <strong>Jules Wabbes<\/strong>. S\u2019int\u00e8gre parfaitement dans des <strong>int\u00e9rieurs contemporains<\/strong>, o\u00f9 l&#8217;on cherche \u00e0 cr\u00e9er une ambiance chaleureuse et accueillante.<\/p>\n<p>Ce qui distingue le <strong>J.J.W. 04<\/strong>, c\u2019est sa capacit\u00e9 \u00e0 devenir le point central de la pi\u00e8ce. Accroch\u00e9 au <strong>plafond<\/strong>, il attire le regard sans pour autant dominer l\u2019espace. Ce <strong>luminaire design<\/strong> combine fonctionnalit\u00e9 et esth\u00e9tisme, en diffusant une <strong>lumi\u00e8re<\/strong> douce mais suffisante pour cr\u00e9er une atmosph\u00e8re agr\u00e9able. Parfait pour une <strong>suspension<\/strong> au-dessus d\u2019une table de salle \u00e0 manger, ce mod\u00e8le valorise chaque espace en ajoutant une touche de raffinement.<\/p>\n<p>Disponible en plusieurs couleurs, cette <strong>suspension<\/strong> peut \u00eatre adapt\u00e9e \u00e0 diff\u00e9rents styles de d\u00e9coration. Que vous optiez pour un int\u00e9rieur \u00e9pur\u00e9 ou plus chaleureux, le <strong>Wever &amp; Ducr\u00e9 J.J.W. 04<\/strong> saura sublimer votre environnement.<\/p>\n<h3><strong>Wever &amp; Ducr\u00e9 J.J.W. 05 : Le parfait compromis entre fonctionnalit\u00e9 et design<\/strong><\/h3>\n<p>Le mod\u00e8le <a href=\"https:\/\/www.andeo-shop.com\/fr\/suspensions\/1778-wever-ducr\u00e9-jjw-05.html\" target=\"_blank\" rel=\"noopener\"><strong>Wever &amp; Ducr\u00e9 J.J.W. 05<\/strong><\/a> est un <strong>luminaire<\/strong> qui combine \u00e0 merveille <strong>fonctionnalit\u00e9<\/strong> et <strong>design \u00e9pur\u00e9<\/strong>. Il est id\u00e9al pour ceux qui recherchent une <b>suspension<\/b> polyvalente, capable de s\u2019adapter \u00e0 divers environnements. Ce mod\u00e8le se distingue par ses lignes sobres et son <strong>design<\/strong> intemporel. Le rendant parfait pour un usage dans des int\u00e9rieurs aussi bien professionnels que priv\u00e9s.<\/p>\n<p>L\u2019un des grands atouts du <strong>J.J.W. 05<\/strong> est sa flexibilit\u00e9. Il peut \u00eatre utilis\u00e9 aussi bien dans un salon que dans une cuisine ou m\u00eame un espace de bureau. Son <strong>\u00e9clairage<\/strong> doux et diffus permet de cr\u00e9er une ambiance agr\u00e9able tout en offrant une <strong>lumi\u00e8re<\/strong> suffisante pour les t\u00e2ches quotidiennes.<\/p>\n<p>Avec ce mod\u00e8le, <strong>Wever &amp; Ducr\u00e9<\/strong> d\u00e9montre une fois de plus son expertise dans la conception de <strong>luminaires modernes<\/strong> qui allient esth\u00e9tique et praticit\u00e9. Que vous souhaitiez sublimer votre espace de vie ou ajouter une touche <strong>design<\/strong> \u00e0 votre bureau, le <strong>J.J.W. 05<\/strong> r\u00e9pondra \u00e0 toutes vos attentes.<\/p>\n<h3><strong>Wever &amp; Ducr\u00e9 J.J.W. 042 : la suspension par excellence<\/strong><\/h3>\n<p>Pour ceux qui souhaitent apporter une touche de modernit\u00e9 \u00e0 leur int\u00e9rieur, la <strong>suspension<\/strong> <a href=\"https:\/\/www.andeo-shop.com\/fr\/suspensions\/1779-wever-ducr\u00e9-jjw-042.html\" target=\"_blank\" rel=\"noopener\"><strong>Wever &amp; Ducr\u00e9 J.J.W. 042<\/strong><\/a> est une option \u00e0 envisager. Con\u00e7ue pour \u00eatre la pi\u00e8ce ma\u00eetresse d&#8217;une pi\u00e8ce, tout en apportant un <strong>\u00e9clairage<\/strong> efficace, elle s\u00e9duit par son design et sa capacit\u00e9 \u00e0 s\u2019adapter \u00e0 divers environnements.<\/p>\n<p>Id\u00e9ale pour des pi\u00e8ces de vie comme une salle \u00e0 manger, ou un bureau, cette <strong>lampe suspendue<\/strong> diffuse une <strong>lumi\u00e8re douce<\/strong> qui cr\u00e9e une atmosph\u00e8re chaleureuse. Sa simplicit\u00e9 apparente cache une sophistication dans les d\u00e9tails, qui s&#8217;exprime \u00e0 travers ses lignes nettes et sa conception soign\u00e9e.<\/p>\n<p>Le <strong>J.J.W. 042<\/strong> est un <strong>luminaire<\/strong> parfait pour les amateurs de <strong>design contemporain<\/strong> \u00e0 la recherche d\u2019un <strong>\u00e9clairage<\/strong> fonctionnel et \u00e9l\u00e9gant. Il s&#8217;int\u00e8gre aussi bien dans des int\u00e9rieurs modernes que plus classiques, apportant toujours cette touche de modernit\u00e9 qui fait toute la diff\u00e9rence.<\/p>\n<p>La collection <a href=\"https:\/\/www.andeo-shop.com\/fr\/recherche?controller=search&amp;s=jules+wabbes\" target=\"_blank\" rel=\"noopener\"><strong>Jules Wabbes<\/strong><\/a> de chez <strong>Wever &amp; Ducr\u00e9<\/strong> est une v\u00e9ritable invitation \u00e0 repenser l\u2019<strong>\u00e9clairage<\/strong> de vos espaces, en alliant <strong>design<\/strong> et efficacit\u00e9. Chaque mod\u00e8le de la gamme s\u2019int\u00e8gre harmonieusement dans diff\u00e9rents types d\u2019int\u00e9rieurs, tout en apportant une touche d\u2019\u00e9l\u00e9gance et de modernit\u00e9. Que vous soyez \u00e0 la recherche d\u2019un <strong>plafonnier<\/strong>, d\u2019une <strong>suspension<\/strong> ou d\u2019un <strong>\u00e9clairage mural<\/strong>, cette collection vous offre des solutions \u00e0 la fois esth\u00e9tiques et fonctionnelles, qui sauront satisfaire les plus exigeants.<\/p>\n<p><strong>N&#8217;attendez plus pour d\u00e9couvrir ces luminaires d&#8217;exceptions<\/strong>, qui transformeront vos espaces et leur apporteront une nouvelle dimension visuelle et lumineuse en visitant le <strong><a href=\"https:\/\/www.andeo.be\" target=\"_blank\" rel=\"noopener\">magasin de luminaires And\u00e9o \u00e0 Tournai en Belgique<\/a><\/strong>.<\/p>\n\n\n\n\n\n<figure class=\"wp-block-gallery has-nested-images columns-default is-cropped wp-block-gallery-1 is-layout-flex wp-block-gallery-is-layout-flex\">\n<figure class=\"wp-block-image size-large\"><img loading=\"lazy\" decoding=\"async\" width=\"768\" height=\"1024\" data-id=\"734\" src=\"https:\/\/www.andeo.be\/blogwp\/wp-content\/uploads\/2024\/09\/Wever-Ducre-JJW-01-2-768x1024.jpg\" alt=\"Wever &amp; Ducr\u00e9 Jules Wabbes 01\" class=\"wp-image-734\" srcset=\"https:\/\/www.andeo.be\/blogwp\/wp-content\/uploads\/2024\/09\/Wever-Ducre-JJW-01-2-768x1024.jpg 768w, https:\/\/www.andeo.be\/blogwp\/wp-content\/uploads\/2024\/09\/Wever-Ducre-JJW-01-2-225x300.jpg 225w, https:\/\/www.andeo.be\/blogwp\/wp-content\/uploads\/2024\/09\/Wever-Ducre-JJW-01-2-750x1000.jpg 750w, https:\/\/www.andeo.be\/blogwp\/wp-content\/uploads\/2024\/09\/Wever-Ducre-JJW-01-2.jpg 1058w\" sizes=\"auto, (max-width: 768px) 100vw, 768px\" \/><\/figure>\n\n\n\n<figure class=\"wp-block-image size-large\"><img loading=\"lazy\" decoding=\"async\" width=\"768\" height=\"1024\" data-id=\"731\" src=\"https:\/\/www.andeo.be\/blogwp\/wp-content\/uploads\/2024\/09\/Wever-Ducre-JJW-02-3-768x1024.jpg\" alt=\"Wever &amp; Ducr\u00e9 Jules Wabbes Appliques 02\" class=\"wp-image-731\" srcset=\"https:\/\/www.andeo.be\/blogwp\/wp-content\/uploads\/2024\/09\/Wever-Ducre-JJW-02-3-768x1024.jpg 768w, https:\/\/www.andeo.be\/blogwp\/wp-content\/uploads\/2024\/09\/Wever-Ducre-JJW-02-3-225x300.jpg 225w, https:\/\/www.andeo.be\/blogwp\/wp-content\/uploads\/2024\/09\/Wever-Ducre-JJW-02-3-750x1000.jpg 750w, https:\/\/www.andeo.be\/blogwp\/wp-content\/uploads\/2024\/09\/Wever-Ducre-JJW-02-3.jpg 1058w\" sizes=\"auto, (max-width: 768px) 100vw, 768px\" \/><\/figure>\n\n\n\n<figure class=\"wp-block-image size-large\"><img loading=\"lazy\" decoding=\"async\" width=\"576\" height=\"1024\" data-id=\"736\" src=\"https:\/\/www.andeo.be\/blogwp\/wp-content\/uploads\/2024\/09\/Wever-Ducre-JJW-576x1024.jpeg\" alt=\"Wever &amp; Ducr\u00e9 Jules Wabbes 03\" class=\"wp-image-736\" srcset=\"https:\/\/www.andeo.be\/blogwp\/wp-content\/uploads\/2024\/09\/Wever-Ducre-JJW-576x1024.jpeg 576w, https:\/\/www.andeo.be\/blogwp\/wp-content\/uploads\/2024\/09\/Wever-Ducre-JJW-169x300.jpeg 169w, https:\/\/www.andeo.be\/blogwp\/wp-content\/uploads\/2024\/09\/Wever-Ducre-JJW-768x1365.jpeg 768w, https:\/\/www.andeo.be\/blogwp\/wp-content\/uploads\/2024\/09\/Wever-Ducre-JJW-864x1536.jpeg 864w, https:\/\/www.andeo.be\/blogwp\/wp-content\/uploads\/2024\/09\/Wever-Ducre-JJW-1152x2048.jpeg 1152w, https:\/\/www.andeo.be\/blogwp\/wp-content\/uploads\/2024\/09\/Wever-Ducre-JJW-750x1333.jpeg 750w, https:\/\/www.andeo.be\/blogwp\/wp-content\/uploads\/2024\/09\/Wever-Ducre-JJW-scaled.jpeg 1440w\" sizes=\"auto, (max-width: 576px) 100vw, 576px\" \/><\/figure>\n\n\n\n<figure class=\"wp-block-image size-large\"><img loading=\"lazy\" decoding=\"async\" width=\"576\" height=\"432\" data-id=\"733\" src=\"https:\/\/www.andeo.be\/blogwp\/wp-content\/uploads\/2024\/09\/350_wever-jjw02web.jpg\" alt=\"Wever &amp; Ducr\u00e9 JJW 02\" class=\"wp-image-733\" srcset=\"https:\/\/www.andeo.be\/blogwp\/wp-content\/uploads\/2024\/09\/350_wever-jjw02web.jpg 576w, https:\/\/www.andeo.be\/blogwp\/wp-content\/uploads\/2024\/09\/350_wever-jjw02web-300x225.jpg 300w\" sizes=\"auto, (max-width: 576px) 100vw, 576px\" \/><\/figure>\n\n\n\n<figure class=\"wp-block-image size-large\"><img loading=\"lazy\" decoding=\"async\" width=\"667\" height=\"500\" data-id=\"730\" src=\"https:\/\/www.andeo.be\/blogwp\/wp-content\/uploads\/2024\/09\/Wever-Ducre-JJW-04.jpg\" alt=\"Wever &amp; Ducr\u00e9 Jules Wabbes 04\" class=\"wp-image-730\" srcset=\"https:\/\/www.andeo.be\/blogwp\/wp-content\/uploads\/2024\/09\/Wever-Ducre-JJW-04.jpg 667w, https:\/\/www.andeo.be\/blogwp\/wp-content\/uploads\/2024\/09\/Wever-Ducre-JJW-04-300x225.jpg 300w\" sizes=\"auto, (max-width: 667px) 100vw, 667px\" \/><\/figure>\n\n\n\n<figure class=\"wp-block-image size-large\"><img loading=\"lazy\" decoding=\"async\" width=\"1000\" height=\"1000\" data-id=\"732\" src=\"https:\/\/www.andeo.be\/blogwp\/wp-content\/uploads\/2024\/09\/Wever-Ducre-JJW-02-c.jpg\" alt=\"Wever &amp; Ducr\u00e9 Jules Wabbes 02\" class=\"wp-image-732\" srcset=\"https:\/\/www.andeo.be\/blogwp\/wp-content\/uploads\/2024\/09\/Wever-Ducre-JJW-02-c.jpg 1000w, https:\/\/www.andeo.be\/blogwp\/wp-content\/uploads\/2024\/09\/Wever-Ducre-JJW-02-c-300x300.jpg 300w, https:\/\/www.andeo.be\/blogwp\/wp-content\/uploads\/2024\/09\/Wever-Ducre-JJW-02-c-150x150.jpg 150w, https:\/\/www.andeo.be\/blogwp\/wp-content\/uploads\/2024\/09\/Wever-Ducre-JJW-02-c-768x768.jpg 768w, https:\/\/www.andeo.be\/blogwp\/wp-content\/uploads\/2024\/09\/Wever-Ducre-JJW-02-c-750x750.jpg 750w, https:\/\/www.andeo.be\/blogwp\/wp-content\/uploads\/2024\/09\/Wever-Ducre-JJW-02-c-510x510.jpg 510w, https:\/\/www.andeo.be\/blogwp\/wp-content\/uploads\/2024\/09\/Wever-Ducre-JJW-02-c-160x160.jpg 160w\" sizes=\"auto, (max-width: 1000px) 100vw, 1000px\" \/><\/figure>\n\n\n\n<figure class=\"wp-block-image size-large\"><img loading=\"lazy\" decoding=\"async\" width=\"1024\" height=\"768\" data-id=\"735\" src=\"https:\/\/www.andeo.be\/blogwp\/wp-content\/uploads\/2024\/09\/wever-ducre-jjw-3-1024x768.jpg\" alt=\"Wever &amp; Ducr\u00e9 Jules Wabbes\" class=\"wp-image-735\" srcset=\"https:\/\/www.andeo.be\/blogwp\/wp-content\/uploads\/2024\/09\/wever-ducre-jjw-3-1024x768.jpg 1024w, https:\/\/www.andeo.be\/blogwp\/wp-content\/uploads\/2024\/09\/wever-ducre-jjw-3-300x225.jpg 300w, https:\/\/www.andeo.be\/blogwp\/wp-content\/uploads\/2024\/09\/wever-ducre-jjw-3-768x576.jpg 768w, https:\/\/www.andeo.be\/blogwp\/wp-content\/uploads\/2024\/09\/wever-ducre-jjw-3-1536x1152.jpg 1536w, https:\/\/www.andeo.be\/blogwp\/wp-content\/uploads\/2024\/09\/wever-ducre-jjw-3-2048x1536.jpg 2048w, https:\/\/www.andeo.be\/blogwp\/wp-content\/uploads\/2024\/09\/wever-ducre-jjw-3-750x562.jpg 750w\" sizes=\"auto, (max-width: 1024px) 100vw, 1024px\" \/><figcaption class=\"wp-element-caption\">User comments<\/figcaption><\/figure>\n<\/figure>\n","protected":false},"excerpt":{"rendered":"<p>La collection Jules Wabbes de Wever &amp; Ducr\u00e9 incarne \u00e0 la perfection le mariage subtil entre luminaires design et fonctionnalit\u00e9. Inspir\u00e9e par le c\u00e9l\u00e8bre designer belge Jules Wabbes, cette gamme met en lumi\u00e8re un savoir-faire [&hellip;]<\/p>\n","protected":false},"author":1,"featured_media":729,"comment_status":"closed","ping_status":"open","sticky":false,"template":"","format":"standard","meta":{"footnotes":""},"categories":[6,3,5,4],"tags":[],"class_list":["post-716","post","type-post","status-publish","format-standard","has-post-thumbnail","hentry","category-appliques","category-luminaires","category-plafonniers","category-suspensions"],"yoast_head":"<!-- This site is optimized with the Yoast SEO plugin v27.4 - https:\/\/yoast.com\/product\/yoast-seo-wordpress\/ -->\n<title>Jules Wabbes et Wever &amp; Ducr\u00e9, l&#039;alliance parfaite - The Blog by And\u00e9o<\/title>\n<meta name=\"description\" content=\"La collection Jules Wabbes de Wever &amp; Ducr\u00e9 incarne \u00e0 la perfection le mariage subtil entre luminaires design et fonctionnalit\u00e9\" \/>\n<meta name=\"robots\" content=\"index, follow, max-snippet:-1, max-image-preview:large, max-video-preview:-1\" \/>\n<link rel=\"canonical\" href=\"https:\/\/www.andeo.be\/blogwp\/jules-wabbes-et-wever-ducre-lalliance-parfaite\/\" \/>\n<meta property=\"og:locale\" content=\"fr_FR\" \/>\n<meta property=\"og:type\" content=\"article\" \/>\n<meta property=\"og:title\" content=\"Jules Wabbes et Wever &amp; Ducr\u00e9, l&#039;alliance parfaite - The Blog by And\u00e9o\" \/>\n<meta property=\"og:description\" content=\"La collection Jules Wabbes de Wever &amp; Ducr\u00e9 incarne \u00e0 la perfection le mariage subtil entre luminaires design et fonctionnalit\u00e9\" \/>\n<meta property=\"og:url\" content=\"https:\/\/www.andeo.be\/blogwp\/jules-wabbes-et-wever-ducre-lalliance-parfaite\/\" \/>\n<meta property=\"og:site_name\" content=\"The Blog by And\u00e9o\" \/>\n<meta property=\"article:published_time\" content=\"2024-09-06T16:08:59+00:00\" \/>\n<meta property=\"article:modified_time\" content=\"2026-02-01T17:18:30+00:00\" \/>\n<meta property=\"og:image\" content=\"https:\/\/www.andeo.be\/blogwp\/wp-content\/uploads\/2024\/09\/Wever-Ducre-JJW-02-01.jpg\" \/>\n\t<meta property=\"og:image:width\" content=\"1200\" \/>\n\t<meta property=\"og:image:height\" content=\"1200\" \/>\n\t<meta property=\"og:image:type\" content=\"image\/jpeg\" \/>\n<meta name=\"author\" content=\"reivilo\" \/>\n<meta name=\"twitter:card\" content=\"summary_large_image\" \/>\n<meta name=\"twitter:label1\" content=\"\u00c9crit par\" \/>\n\t<meta name=\"twitter:data1\" content=\"reivilo\" \/>\n\t<meta name=\"twitter:label2\" content=\"Dur\u00e9e de lecture estim\u00e9e\" \/>\n\t<meta name=\"twitter:data2\" content=\"8 minutes\" \/>\n<script type=\"application\/ld+json\" class=\"yoast-schema-graph\">{\"@context\":\"https:\\\/\\\/schema.org\",\"@graph\":[{\"@type\":\"Article\",\"@id\":\"https:\\\/\\\/www.andeo.be\\\/blogwp\\\/jules-wabbes-et-wever-ducre-lalliance-parfaite\\\/#article\",\"isPartOf\":{\"@id\":\"https:\\\/\\\/www.andeo.be\\\/blogwp\\\/jules-wabbes-et-wever-ducre-lalliance-parfaite\\\/\"},\"author\":{\"name\":\"reivilo\",\"@id\":\"https:\\\/\\\/www.andeo.be\\\/blogwp\\\/#\\\/schema\\\/person\\\/c8bdc396c377f8a9a5fc0a6af682df4c\"},\"headline\":\"Jules Wabbes et Wever &amp; Ducr\u00e9, l&#8217;alliance parfaite\",\"datePublished\":\"2024-09-06T16:08:59+00:00\",\"dateModified\":\"2026-02-01T17:18:30+00:00\",\"mainEntityOfPage\":{\"@id\":\"https:\\\/\\\/www.andeo.be\\\/blogwp\\\/jules-wabbes-et-wever-ducre-lalliance-parfaite\\\/\"},\"wordCount\":1439,\"publisher\":{\"@id\":\"https:\\\/\\\/www.andeo.be\\\/blogwp\\\/#organization\"},\"image\":{\"@id\":\"https:\\\/\\\/www.andeo.be\\\/blogwp\\\/jules-wabbes-et-wever-ducre-lalliance-parfaite\\\/#primaryimage\"},\"thumbnailUrl\":\"https:\\\/\\\/www.andeo.be\\\/blogwp\\\/wp-content\\\/uploads\\\/2024\\\/09\\\/Wever-Ducre-JJW-02-01.jpg\",\"articleSection\":[\"Appliques\",\"Luminaires\",\"Plafonniers\",\"Suspensions\"],\"inLanguage\":\"fr-FR\"},{\"@type\":\"WebPage\",\"@id\":\"https:\\\/\\\/www.andeo.be\\\/blogwp\\\/jules-wabbes-et-wever-ducre-lalliance-parfaite\\\/\",\"url\":\"https:\\\/\\\/www.andeo.be\\\/blogwp\\\/jules-wabbes-et-wever-ducre-lalliance-parfaite\\\/\",\"name\":\"Jules Wabbes et Wever &amp; Ducr\u00e9, l'alliance parfaite - The Blog by And\u00e9o\",\"isPartOf\":{\"@id\":\"https:\\\/\\\/www.andeo.be\\\/blogwp\\\/#website\"},\"primaryImageOfPage\":{\"@id\":\"https:\\\/\\\/www.andeo.be\\\/blogwp\\\/jules-wabbes-et-wever-ducre-lalliance-parfaite\\\/#primaryimage\"},\"image\":{\"@id\":\"https:\\\/\\\/www.andeo.be\\\/blogwp\\\/jules-wabbes-et-wever-ducre-lalliance-parfaite\\\/#primaryimage\"},\"thumbnailUrl\":\"https:\\\/\\\/www.andeo.be\\\/blogwp\\\/wp-content\\\/uploads\\\/2024\\\/09\\\/Wever-Ducre-JJW-02-01.jpg\",\"datePublished\":\"2024-09-06T16:08:59+00:00\",\"dateModified\":\"2026-02-01T17:18:30+00:00\",\"description\":\"La collection Jules Wabbes de Wever & Ducr\u00e9 incarne \u00e0 la perfection le mariage subtil entre luminaires design et fonctionnalit\u00e9\",\"breadcrumb\":{\"@id\":\"https:\\\/\\\/www.andeo.be\\\/blogwp\\\/jules-wabbes-et-wever-ducre-lalliance-parfaite\\\/#breadcrumb\"},\"inLanguage\":\"fr-FR\",\"potentialAction\":[{\"@type\":\"ReadAction\",\"target\":[\"https:\\\/\\\/www.andeo.be\\\/blogwp\\\/jules-wabbes-et-wever-ducre-lalliance-parfaite\\\/\"]}]},{\"@type\":\"ImageObject\",\"inLanguage\":\"fr-FR\",\"@id\":\"https:\\\/\\\/www.andeo.be\\\/blogwp\\\/jules-wabbes-et-wever-ducre-lalliance-parfaite\\\/#primaryimage\",\"url\":\"https:\\\/\\\/www.andeo.be\\\/blogwp\\\/wp-content\\\/uploads\\\/2024\\\/09\\\/Wever-Ducre-JJW-02-01.jpg\",\"contentUrl\":\"https:\\\/\\\/www.andeo.be\\\/blogwp\\\/wp-content\\\/uploads\\\/2024\\\/09\\\/Wever-Ducre-JJW-02-01.jpg\",\"width\":1200,\"height\":1200,\"caption\":\"Wever & Ducr\u00e9 Jules Wabbes Applique\"},{\"@type\":\"BreadcrumbList\",\"@id\":\"https:\\\/\\\/www.andeo.be\\\/blogwp\\\/jules-wabbes-et-wever-ducre-lalliance-parfaite\\\/#breadcrumb\",\"itemListElement\":[{\"@type\":\"ListItem\",\"position\":1,\"name\":\"Accueil\",\"item\":\"https:\\\/\\\/www.andeo.be\\\/blogwp\\\/\"},{\"@type\":\"ListItem\",\"position\":2,\"name\":\"Jules Wabbes et Wever &amp; Ducr\u00e9, l&#8217;alliance parfaite\"}]},{\"@type\":\"WebSite\",\"@id\":\"https:\\\/\\\/www.andeo.be\\\/blogwp\\\/#website\",\"url\":\"https:\\\/\\\/www.andeo.be\\\/blogwp\\\/\",\"name\":\"The Blog by And\u00e9o\",\"description\":\"\",\"publisher\":{\"@id\":\"https:\\\/\\\/www.andeo.be\\\/blogwp\\\/#organization\"},\"potentialAction\":[{\"@type\":\"SearchAction\",\"target\":{\"@type\":\"EntryPoint\",\"urlTemplate\":\"https:\\\/\\\/www.andeo.be\\\/blogwp\\\/?s={search_term_string}\"},\"query-input\":{\"@type\":\"PropertyValueSpecification\",\"valueRequired\":true,\"valueName\":\"search_term_string\"}}],\"inLanguage\":\"fr-FR\"},{\"@type\":\"Organization\",\"@id\":\"https:\\\/\\\/www.andeo.be\\\/blogwp\\\/#organization\",\"name\":\"The Blog by And\u00e9o\",\"url\":\"https:\\\/\\\/www.andeo.be\\\/blogwp\\\/\",\"logo\":{\"@type\":\"ImageObject\",\"inLanguage\":\"fr-FR\",\"@id\":\"https:\\\/\\\/www.andeo.be\\\/blogwp\\\/#\\\/schema\\\/logo\\\/image\\\/\",\"url\":\"https:\\\/\\\/www.andeo.be\\\/blogwp\\\/wp-content\\\/uploads\\\/2024\\\/02\\\/cropped-logo-andeo-sans-fond.png\",\"contentUrl\":\"https:\\\/\\\/www.andeo.be\\\/blogwp\\\/wp-content\\\/uploads\\\/2024\\\/02\\\/cropped-logo-andeo-sans-fond.png\",\"width\":468,\"height\":277,\"caption\":\"The Blog by And\u00e9o\"},\"image\":{\"@id\":\"https:\\\/\\\/www.andeo.be\\\/blogwp\\\/#\\\/schema\\\/logo\\\/image\\\/\"}},{\"@type\":\"Person\",\"@id\":\"https:\\\/\\\/www.andeo.be\\\/blogwp\\\/#\\\/schema\\\/person\\\/c8bdc396c377f8a9a5fc0a6af682df4c\",\"name\":\"reivilo\",\"sameAs\":[\"https:\\\/\\\/www.andeo.be\\\/blogwp\"],\"url\":\"https:\\\/\\\/www.andeo.be\\\/blogwp\\\/author\\\/reivilo\\\/\"}]}<\/script>\n<!-- \/ Yoast SEO plugin. -->","yoast_head_json":{"title":"Jules Wabbes et Wever &amp; Ducr\u00e9, l'alliance parfaite - The Blog by And\u00e9o","description":"La collection Jules Wabbes de Wever & Ducr\u00e9 incarne \u00e0 la perfection le mariage subtil entre luminaires design et fonctionnalit\u00e9","robots":{"index":"index","follow":"follow","max-snippet":"max-snippet:-1","max-image-preview":"max-image-preview:large","max-video-preview":"max-video-preview:-1"},"canonical":"https:\/\/www.andeo.be\/blogwp\/jules-wabbes-et-wever-ducre-lalliance-parfaite\/","og_locale":"fr_FR","og_type":"article","og_title":"Jules Wabbes et Wever &amp; Ducr\u00e9, l'alliance parfaite - The Blog by And\u00e9o","og_description":"La collection Jules Wabbes de Wever & Ducr\u00e9 incarne \u00e0 la perfection le mariage subtil entre luminaires design et fonctionnalit\u00e9","og_url":"https:\/\/www.andeo.be\/blogwp\/jules-wabbes-et-wever-ducre-lalliance-parfaite\/","og_site_name":"The Blog by And\u00e9o","article_published_time":"2024-09-06T16:08:59+00:00","article_modified_time":"2026-02-01T17:18:30+00:00","og_image":[{"width":1200,"height":1200,"url":"https:\/\/www.andeo.be\/blogwp\/wp-content\/uploads\/2024\/09\/Wever-Ducre-JJW-02-01.jpg","type":"image\/jpeg"}],"author":"reivilo","twitter_card":"summary_large_image","twitter_misc":{"\u00c9crit par":"reivilo","Dur\u00e9e de lecture estim\u00e9e":"8 minutes"},"schema":{"@context":"https:\/\/schema.org","@graph":[{"@type":"Article","@id":"https:\/\/www.andeo.be\/blogwp\/jules-wabbes-et-wever-ducre-lalliance-parfaite\/#article","isPartOf":{"@id":"https:\/\/www.andeo.be\/blogwp\/jules-wabbes-et-wever-ducre-lalliance-parfaite\/"},"author":{"name":"reivilo","@id":"https:\/\/www.andeo.be\/blogwp\/#\/schema\/person\/c8bdc396c377f8a9a5fc0a6af682df4c"},"headline":"Jules Wabbes et Wever &amp; Ducr\u00e9, l&#8217;alliance parfaite","datePublished":"2024-09-06T16:08:59+00:00","dateModified":"2026-02-01T17:18:30+00:00","mainEntityOfPage":{"@id":"https:\/\/www.andeo.be\/blogwp\/jules-wabbes-et-wever-ducre-lalliance-parfaite\/"},"wordCount":1439,"publisher":{"@id":"https:\/\/www.andeo.be\/blogwp\/#organization"},"image":{"@id":"https:\/\/www.andeo.be\/blogwp\/jules-wabbes-et-wever-ducre-lalliance-parfaite\/#primaryimage"},"thumbnailUrl":"https:\/\/www.andeo.be\/blogwp\/wp-content\/uploads\/2024\/09\/Wever-Ducre-JJW-02-01.jpg","articleSection":["Appliques","Luminaires","Plafonniers","Suspensions"],"inLanguage":"fr-FR"},{"@type":"WebPage","@id":"https:\/\/www.andeo.be\/blogwp\/jules-wabbes-et-wever-ducre-lalliance-parfaite\/","url":"https:\/\/www.andeo.be\/blogwp\/jules-wabbes-et-wever-ducre-lalliance-parfaite\/","name":"Jules Wabbes et Wever &amp; Ducr\u00e9, l'alliance parfaite - The Blog by And\u00e9o","isPartOf":{"@id":"https:\/\/www.andeo.be\/blogwp\/#website"},"primaryImageOfPage":{"@id":"https:\/\/www.andeo.be\/blogwp\/jules-wabbes-et-wever-ducre-lalliance-parfaite\/#primaryimage"},"image":{"@id":"https:\/\/www.andeo.be\/blogwp\/jules-wabbes-et-wever-ducre-lalliance-parfaite\/#primaryimage"},"thumbnailUrl":"https:\/\/www.andeo.be\/blogwp\/wp-content\/uploads\/2024\/09\/Wever-Ducre-JJW-02-01.jpg","datePublished":"2024-09-06T16:08:59+00:00","dateModified":"2026-02-01T17:18:30+00:00","description":"La collection Jules Wabbes de Wever & Ducr\u00e9 incarne \u00e0 la perfection le mariage subtil entre luminaires design et fonctionnalit\u00e9","breadcrumb":{"@id":"https:\/\/www.andeo.be\/blogwp\/jules-wabbes-et-wever-ducre-lalliance-parfaite\/#breadcrumb"},"inLanguage":"fr-FR","potentialAction":[{"@type":"ReadAction","target":["https:\/\/www.andeo.be\/blogwp\/jules-wabbes-et-wever-ducre-lalliance-parfaite\/"]}]},{"@type":"ImageObject","inLanguage":"fr-FR","@id":"https:\/\/www.andeo.be\/blogwp\/jules-wabbes-et-wever-ducre-lalliance-parfaite\/#primaryimage","url":"https:\/\/www.andeo.be\/blogwp\/wp-content\/uploads\/2024\/09\/Wever-Ducre-JJW-02-01.jpg","contentUrl":"https:\/\/www.andeo.be\/blogwp\/wp-content\/uploads\/2024\/09\/Wever-Ducre-JJW-02-01.jpg","width":1200,"height":1200,"caption":"Wever & Ducr\u00e9 Jules Wabbes Applique"},{"@type":"BreadcrumbList","@id":"https:\/\/www.andeo.be\/blogwp\/jules-wabbes-et-wever-ducre-lalliance-parfaite\/#breadcrumb","itemListElement":[{"@type":"ListItem","position":1,"name":"Accueil","item":"https:\/\/www.andeo.be\/blogwp\/"},{"@type":"ListItem","position":2,"name":"Jules Wabbes et Wever &amp; Ducr\u00e9, l&#8217;alliance parfaite"}]},{"@type":"WebSite","@id":"https:\/\/www.andeo.be\/blogwp\/#website","url":"https:\/\/www.andeo.be\/blogwp\/","name":"The Blog by And\u00e9o","description":"","publisher":{"@id":"https:\/\/www.andeo.be\/blogwp\/#organization"},"potentialAction":[{"@type":"SearchAction","target":{"@type":"EntryPoint","urlTemplate":"https:\/\/www.andeo.be\/blogwp\/?s={search_term_string}"},"query-input":{"@type":"PropertyValueSpecification","valueRequired":true,"valueName":"search_term_string"}}],"inLanguage":"fr-FR"},{"@type":"Organization","@id":"https:\/\/www.andeo.be\/blogwp\/#organization","name":"The Blog by And\u00e9o","url":"https:\/\/www.andeo.be\/blogwp\/","logo":{"@type":"ImageObject","inLanguage":"fr-FR","@id":"https:\/\/www.andeo.be\/blogwp\/#\/schema\/logo\/image\/","url":"https:\/\/www.andeo.be\/blogwp\/wp-content\/uploads\/2024\/02\/cropped-logo-andeo-sans-fond.png","contentUrl":"https:\/\/www.andeo.be\/blogwp\/wp-content\/uploads\/2024\/02\/cropped-logo-andeo-sans-fond.png","width":468,"height":277,"caption":"The Blog by And\u00e9o"},"image":{"@id":"https:\/\/www.andeo.be\/blogwp\/#\/schema\/logo\/image\/"}},{"@type":"Person","@id":"https:\/\/www.andeo.be\/blogwp\/#\/schema\/person\/c8bdc396c377f8a9a5fc0a6af682df4c","name":"reivilo","sameAs":["https:\/\/www.andeo.be\/blogwp"],"url":"https:\/\/www.andeo.be\/blogwp\/author\/reivilo\/"}]}},"_links":{"self":[{"href":"https:\/\/www.andeo.be\/blogwp\/wp-json\/wp\/v2\/posts\/716","targetHints":{"allow":["GET"]}}],"collection":[{"href":"https:\/\/www.andeo.be\/blogwp\/wp-json\/wp\/v2\/posts"}],"about":[{"href":"https:\/\/www.andeo.be\/blogwp\/wp-json\/wp\/v2\/types\/post"}],"author":[{"embeddable":true,"href":"https:\/\/www.andeo.be\/blogwp\/wp-json\/wp\/v2\/users\/1"}],"replies":[{"embeddable":true,"href":"https:\/\/www.andeo.be\/blogwp\/wp-json\/wp\/v2\/comments?post=716"}],"version-history":[{"count":17,"href":"https:\/\/www.andeo.be\/blogwp\/wp-json\/wp\/v2\/posts\/716\/revisions"}],"predecessor-version":[{"id":935,"href":"https:\/\/www.andeo.be\/blogwp\/wp-json\/wp\/v2\/posts\/716\/revisions\/935"}],"wp:featuredmedia":[{"embeddable":true,"href":"https:\/\/www.andeo.be\/blogwp\/wp-json\/wp\/v2\/media\/729"}],"wp:attachment":[{"href":"https:\/\/www.andeo.be\/blogwp\/wp-json\/wp\/v2\/media?parent=716"}],"wp:term":[{"taxonomy":"category","embeddable":true,"href":"https:\/\/www.andeo.be\/blogwp\/wp-json\/wp\/v2\/categories?post=716"},{"taxonomy":"post_tag","embeddable":true,"href":"https:\/\/www.andeo.be\/blogwp\/wp-json\/wp\/v2\/tags?post=716"}],"curies":[{"name":"wp","href":"https:\/\/api.w.org\/{rel}","templated":true}]}}