{"id":825,"date":"2025-10-15T18:42:31","date_gmt":"2025-10-15T16:42:31","guid":{"rendered":"https:\/\/www.andeo.be\/blogwp\/?p=825"},"modified":"2025-10-15T18:42:32","modified_gmt":"2025-10-15T16:42:32","slug":"braga-illuminazione-lelegance-italienne-disponible-en-belgique-chez-andeo","status":"publish","type":"post","link":"https:\/\/www.andeo.be\/blogwp\/braga-illuminazione-lelegance-italienne-disponible-en-belgique-chez-andeo\/","title":{"rendered":"Braga Illuminazione : l\u2019\u00e9l\u00e9gance italienne disponible en Belgique chez And\u00e9o"},"content":{"rendered":"\n<p>La <strong>lumi\u00e8re<\/strong> a ce pouvoir de transformer un espace, de le rendre chaleureux, vivant, unique. Chez <strong>And\u00e9o<\/strong>, nous croyons qu\u2019un <strong>luminaire<\/strong> n\u2019est pas un simple objet fonctionnel, mais un \u00e9l\u00e9ment essentiel du confort et de la personnalit\u00e9 d\u2019un int\u00e9rieur. C\u2019est dans cette optique que nous avons choisi de repr\u00e9senter <strong>Braga Illuminazione<\/strong>, <strong>marque italienne<\/strong> d\u2019excellence, aujourd\u2019hui disponible en <strong>Belgique<\/strong> et dans toute la r\u00e9gion du <strong>Hainaut<\/strong>\u00a0et les <strong>Hauts de France<\/strong> \u00e0 travers notre showroom situ\u00e9 \u00e0 Tournai.<\/p>\n<p>En tant que <a href=\"https:\/\/www.andeo.be\/braga\" target=\"_blank\" rel=\"noopener\"><strong>revendeur officiel Braga Illuminazione<\/strong><\/a> en <strong>Belgique<\/strong>, <strong>And\u00e9o<\/strong> commercialise les plus belles collections de la marque, alliant <strong>design<\/strong>, innovation et savoir-faire artisanal. Que vous soyez \u00e0 <strong>Mons<\/strong>, <strong>Ath<\/strong>, <strong>Enghien<\/strong>, <strong>Bruxelles<\/strong> ou m\u00eame <strong>Lille<\/strong> dans le <strong>Nord de la France<\/strong>, notre \u00e9quipe vous accompagne pour sublimer vos espaces avec des <strong>luminaires d\u2019exception<\/strong>.<\/p>\n<h2>Braga Illuminazione : une signature italienne de caract\u00e8re<\/h2>\n<p>N\u00e9e dans la r\u00e9gion de Brescia, <strong>Braga Illuminazione<\/strong> s\u2019impose depuis plus de quarante ans comme une r\u00e9f\u00e9rence incontournable du <strong>design lumineux italien<\/strong>. Sa philosophie : associer la beaut\u00e9 de la forme \u00e0 la perfection technique. Chaque collection est le fruit d\u2019un travail minutieux, o\u00f9 le geste artisanal rencontre l\u2019innovation technologique.<\/p>\n<p>Les <strong>luminaires Braga<\/strong> sont reconnus dans toute l\u2019Europe pour leur <strong>qualit\u00e9 de fabrication<\/strong> et leur <strong>style contemporain intemporel<\/strong>. Les mat\u00e9riaux nobles, aluminium, laiton, verre souffl\u00e9, sont travaill\u00e9s avec une pr\u00e9cision remarquable. De la <strong>suspension<\/strong> a\u00e9rienne <strong><em>Spira<\/em><\/strong> \u00e0 l\u2019<strong>applique murale<\/strong> minimaliste <strong><em>Plana<\/em><\/strong>, chaque pi\u00e8ce d\u00e9gage une identit\u00e9 propre, capable de s\u2019int\u00e9grer dans n\u2019importe quel type d\u2019am\u00e9nagement int\u00e9rieur.<\/p>\n<h2>And\u00e9o, revendeur officiel Braga Illuminazione en Belgique<\/h2>\n<p>Le magasin <strong>And\u00e9o<\/strong> s\u2019est impos\u00e9 au fil des ann\u00e9es comme un acteur majeur de l\u2019<strong>\u00e9clairage d\u00e9coratif haut de gamme<\/strong> en <strong>Belgique<\/strong>. Notre mission : offrir \u00e0 nos clients le meilleur du design europ\u00e9en \u00e0 travers une s\u00e9lection de marques r\u00e9put\u00e9es pour leur excellence et leur originalit\u00e9. <strong>Braga Illuminazione<\/strong> s\u2019inscrit naturellement dans cette d\u00e9marche.<\/p>\n<p>En tant que <strong>revendeur Braga<\/strong>, nous travaillons en lien direct avec l&#8217;usine en <strong>Italie<\/strong> pour garantir \u00e0 nos clients des produits authentiques, b\u00e9n\u00e9ficiant de la garantie fabricant et des derni\u00e8res innovations en mati\u00e8re de design lumineux.<\/p>\n<h3>Des collections Braga disponibles chez And\u00e9o<\/h3>\n<ul>\n<li><strong>Spira<\/strong> : une suspension circulaire embl\u00e9matique, parfaite pour un s\u00e9jour moderne ou une salle \u00e0 manger design.<\/li>\n<li><strong>Plana<\/strong> : plafonnier LED au rendu \u00e9pur\u00e9, id\u00e9al pour les espaces professionnels ou les couloirs.<\/li>\n<li><strong>Ella<\/strong> : applique murale sculpturale, \u00e0 la lumi\u00e8re diffuse et enveloppante.<\/li>\n<li><strong>Line<\/strong> : suspension lin\u00e9aire moderne, parfaite pour les cuisines et bureaux contemporains.<\/li>\n<li><strong>Giro<\/strong> : collection modulable alliant finesse et puissance lumineuse, con\u00e7ue pour les int\u00e9rieurs audacieux.<\/li>\n<\/ul>\n<p>Ces mod\u00e8les ne se contentent pas d\u2019\u00e9clairer : ils habillent la pi\u00e8ce. Le <strong>design italien<\/strong> apporte ce suppl\u00e9ment d\u2019\u00e2me que les amateurs de belles choses reconnaissent instantan\u00e9ment. Et c\u2019est pr\u00e9cis\u00e9ment cette \u00e9motion lumineuse qu\u2019<strong>And\u00e9o<\/strong> souhaite partager avec chaque visiteur.<\/p>\n<p data-wp-editing=\"1\"><a href=\"https:\/\/www.andeo.be\/blogwp\/wp-content\/uploads\/2025\/10\/Braga-Spira-2130-S-1.jpg\" data-lightbox=\"gal[825]\" target=\"_blank\" rel=\"noopener\"><img loading=\"lazy\" decoding=\"async\" class=\"alignnone wp-image-843 size-thumbnail\" title=\"Braga Spira\" src=\"https:\/\/www.andeo.be\/blogwp\/wp-content\/uploads\/2025\/10\/Braga-Spira-2130-S-1-150x150.jpg\" alt=\"Braga Spira\" width=\"150\" height=\"150\" srcset=\"https:\/\/www.andeo.be\/blogwp\/wp-content\/uploads\/2025\/10\/Braga-Spira-2130-S-1-150x150.jpg 150w, https:\/\/www.andeo.be\/blogwp\/wp-content\/uploads\/2025\/10\/Braga-Spira-2130-S-1-300x300.jpg 300w, https:\/\/www.andeo.be\/blogwp\/wp-content\/uploads\/2025\/10\/Braga-Spira-2130-S-1-1024x1024.jpg 1024w, https:\/\/www.andeo.be\/blogwp\/wp-content\/uploads\/2025\/10\/Braga-Spira-2130-S-1-768x768.jpg 768w, https:\/\/www.andeo.be\/blogwp\/wp-content\/uploads\/2025\/10\/Braga-Spira-2130-S-1-750x750.jpg 750w, https:\/\/www.andeo.be\/blogwp\/wp-content\/uploads\/2025\/10\/Braga-Spira-2130-S-1-510x510.jpg 510w, https:\/\/www.andeo.be\/blogwp\/wp-content\/uploads\/2025\/10\/Braga-Spira-2130-S-1-160x160.jpg 160w, https:\/\/www.andeo.be\/blogwp\/wp-content\/uploads\/2025\/10\/Braga-Spira-2130-S-1.jpg 1200w\" sizes=\"auto, (max-width: 150px) 100vw, 150px\" \/><\/a> <a href=\"https:\/\/www.andeo.be\/blogwp\/wp-content\/uploads\/2025\/10\/Braga-Truciolo.jpg\" data-lightbox=\"gal[825]\" target=\"_blank\" rel=\"noopener\"><img loading=\"lazy\" decoding=\"async\" class=\"alignnone wp-image-844 size-thumbnail\" title=\"Braga Truciolo\" src=\"https:\/\/www.andeo.be\/blogwp\/wp-content\/uploads\/2025\/10\/Braga-Truciolo-150x150.jpg\" alt=\"Braga Truciolo\" width=\"150\" height=\"150\" srcset=\"https:\/\/www.andeo.be\/blogwp\/wp-content\/uploads\/2025\/10\/Braga-Truciolo-150x150.jpg 150w, https:\/\/www.andeo.be\/blogwp\/wp-content\/uploads\/2025\/10\/Braga-Truciolo-510x510.jpg 510w, https:\/\/www.andeo.be\/blogwp\/wp-content\/uploads\/2025\/10\/Braga-Truciolo-160x160.jpg 160w\" sizes=\"auto, (max-width: 150px) 100vw, 150px\" \/><\/a> <a href=\"https:\/\/www.andeo.be\/blogwp\/wp-content\/uploads\/2025\/10\/Braga-Hug-2159-S3-1.jpg\" data-lightbox=\"gal[825]\" target=\"_blank\" rel=\"noopener\"><img loading=\"lazy\" decoding=\"async\" class=\"alignnone wp-image-842 size-thumbnail\" title=\"Braga Hug\" src=\"https:\/\/www.andeo.be\/blogwp\/wp-content\/uploads\/2025\/10\/Braga-Hug-2159-S3-1-150x150.jpg\" alt=\"Braga Hug\" width=\"150\" height=\"150\" srcset=\"https:\/\/www.andeo.be\/blogwp\/wp-content\/uploads\/2025\/10\/Braga-Hug-2159-S3-1-150x150.jpg 150w, https:\/\/www.andeo.be\/blogwp\/wp-content\/uploads\/2025\/10\/Braga-Hug-2159-S3-1-300x300.jpg 300w, https:\/\/www.andeo.be\/blogwp\/wp-content\/uploads\/2025\/10\/Braga-Hug-2159-S3-1-1024x1024.jpg 1024w, https:\/\/www.andeo.be\/blogwp\/wp-content\/uploads\/2025\/10\/Braga-Hug-2159-S3-1-768x768.jpg 768w, https:\/\/www.andeo.be\/blogwp\/wp-content\/uploads\/2025\/10\/Braga-Hug-2159-S3-1-750x750.jpg 750w, https:\/\/www.andeo.be\/blogwp\/wp-content\/uploads\/2025\/10\/Braga-Hug-2159-S3-1-510x510.jpg 510w, https:\/\/www.andeo.be\/blogwp\/wp-content\/uploads\/2025\/10\/Braga-Hug-2159-S3-1-160x160.jpg 160w, https:\/\/www.andeo.be\/blogwp\/wp-content\/uploads\/2025\/10\/Braga-Hug-2159-S3-1.jpg 1200w\" sizes=\"auto, (max-width: 150px) 100vw, 150px\" \/><\/a> <a href=\"https:\/\/www.andeo.be\/blogwp\/wp-content\/uploads\/2025\/10\/Braga-Eclettica-7.jpg\" data-lightbox=\"gal[825]\" target=\"_blank\" rel=\"noopener\"><img loading=\"lazy\" decoding=\"async\" class=\"alignnone wp-image-841 size-thumbnail\" title=\"Braga Eclettica\" src=\"https:\/\/www.andeo.be\/blogwp\/wp-content\/uploads\/2025\/10\/Braga-Eclettica-7-150x150.jpg\" alt=\"Braga Eclettica\" width=\"150\" height=\"150\" srcset=\"https:\/\/www.andeo.be\/blogwp\/wp-content\/uploads\/2025\/10\/Braga-Eclettica-7-150x150.jpg 150w, https:\/\/www.andeo.be\/blogwp\/wp-content\/uploads\/2025\/10\/Braga-Eclettica-7-300x300.jpg 300w, https:\/\/www.andeo.be\/blogwp\/wp-content\/uploads\/2025\/10\/Braga-Eclettica-7-1024x1024.jpg 1024w, https:\/\/www.andeo.be\/blogwp\/wp-content\/uploads\/2025\/10\/Braga-Eclettica-7-768x768.jpg 768w, https:\/\/www.andeo.be\/blogwp\/wp-content\/uploads\/2025\/10\/Braga-Eclettica-7-750x750.jpg 750w, https:\/\/www.andeo.be\/blogwp\/wp-content\/uploads\/2025\/10\/Braga-Eclettica-7-510x510.jpg 510w, https:\/\/www.andeo.be\/blogwp\/wp-content\/uploads\/2025\/10\/Braga-Eclettica-7-160x160.jpg 160w, https:\/\/www.andeo.be\/blogwp\/wp-content\/uploads\/2025\/10\/Braga-Eclettica-7.jpg 1200w\" sizes=\"auto, (max-width: 150px) 100vw, 150px\" \/><\/a> <a href=\"https:\/\/www.andeo.be\/blogwp\/wp-content\/uploads\/2025\/10\/Braga-Clock.webp\" data-lightbox=\"gal[825]\" target=\"_blank\" rel=\"noopener\"><img loading=\"lazy\" decoding=\"async\" class=\"alignnone wp-image-840 size-thumbnail\" title=\"Braga Clock\" src=\"https:\/\/www.andeo.be\/blogwp\/wp-content\/uploads\/2025\/10\/Braga-Clock-150x150.webp\" alt=\"Braga Clock\" width=\"150\" height=\"150\" srcset=\"https:\/\/www.andeo.be\/blogwp\/wp-content\/uploads\/2025\/10\/Braga-Clock-150x150.webp 150w, https:\/\/www.andeo.be\/blogwp\/wp-content\/uploads\/2025\/10\/Braga-Clock-510x510.webp 510w, https:\/\/www.andeo.be\/blogwp\/wp-content\/uploads\/2025\/10\/Braga-Clock-160x160.webp 160w\" sizes=\"auto, (max-width: 150px) 100vw, 150px\" \/><\/a> <a href=\"https:\/\/www.andeo.be\/blogwp\/wp-content\/uploads\/2025\/10\/Braga-Pico.jpeg\" data-lightbox=\"gal[825]\" target=\"_blank\" rel=\"noopener\"><img loading=\"lazy\" decoding=\"async\" class=\"alignnone wp-image-839 size-thumbnail\" src=\"https:\/\/www.andeo.be\/blogwp\/wp-content\/uploads\/2025\/10\/Braga-Pico-150x150.jpeg\" alt=\"Braga Pico\" width=\"150\" height=\"150\" srcset=\"https:\/\/www.andeo.be\/blogwp\/wp-content\/uploads\/2025\/10\/Braga-Pico-150x150.jpeg 150w, https:\/\/www.andeo.be\/blogwp\/wp-content\/uploads\/2025\/10\/Braga-Pico-510x510.jpeg 510w, https:\/\/www.andeo.be\/blogwp\/wp-content\/uploads\/2025\/10\/Braga-Pico-160x160.jpeg 160w\" sizes=\"auto, (max-width: 150px) 100vw, 150px\" \/><\/a><\/p>\n<h2>Un service personnalis\u00e9 pour vos projets d\u2019\u00e9clairage<\/h2>\n<p>Choisir un <strong>luminaire Braga<\/strong>, c\u2019est faire le choix du sur-mesure et de la durabilit\u00e9. Chez <strong>And\u00e9o<\/strong>, nous accompagnons chaque client dans son projet, qu\u2019il s\u2019agisse d\u2019un <strong>am\u00e9nagement r\u00e9sidentiel<\/strong>, d\u2019un <strong>espace professionnel<\/strong> ou d\u2019un projet d\u2019architecte.<\/p>\n<p>Nous vous aidons \u00e0 s\u00e9lectionner le bon mod\u00e8le selon la typologie de la pi\u00e8ce, la hauteur sous plafond, la couleur des murs ou encore l\u2019ambiance souhait\u00e9e. Notre \u00e9quipe d\u2019experts propose \u00e9galement des solutions techniques adapt\u00e9es, notamment sur le choix de la temp\u00e9rature de couleur led, le flux lumineux ou la compatibilit\u00e9 avec les syst\u00e8mes de variation.<\/p>\n<h3>Une expertise au c\u0153ur du Hainaut et au-del\u00e0<\/h3>\n<p>Bas\u00e9 \u00e0 Tournai, <strong>And\u00e9o<\/strong> rayonne dans toute la r\u00e9gion du <strong>Hainaut<\/strong>, de <strong>Mons<\/strong> \u00e0 <strong>Ath<\/strong>, en passant par <strong>Enghien<\/strong> et <strong>Bruxelles<\/strong>. Avec la proximit\u00e9 du\u00a0<strong>Nord de la France<\/strong>, <strong>And\u00e9o Tournai<\/strong> est un lieu id\u00e9al pour les clients situ\u00e9s dans la <strong>r\u00e9gion Lilloise<\/strong>, avec des villes comme <strong>Lille<\/strong>, <strong>Villeneuve-d&#8217;Ascq<\/strong>, <strong>Bondues<\/strong>, <strong>Croix<\/strong>, <strong>Roubaix<\/strong>, <strong>Valenciennes<\/strong> &#8230;<\/p>\n<p>Cette position g\u00e9ographique strat\u00e9gique nous permet d\u2019offrir un service rapide et r\u00e9actif \u00e0 nos clients <strong>belges<\/strong> comme <strong>fran\u00e7ais<\/strong>, qu\u2019ils recherchent un <strong>luminaire<\/strong> ou une solution compl\u00e8te d\u2019\u00e9clairage haut de gamme.<\/p>\n<h2>Braga Illuminazione : design, technologie et durabilit\u00e9<\/h2>\n<p>La <strong>marque italienne<\/strong> a su \u00e9voluer avec son temps. Aujourd\u2019hui, <a href=\"https:\/\/www.fratellibraga.it\/en\/\" target=\"_blank\" rel=\"noopener\"><strong>Braga<\/strong><\/a> se distingue par une int\u00e9gration exemplaire des <strong>technologies led<\/strong>. Ses <strong>luminaires<\/strong> offrent un <strong>\u00e9clairage<\/strong> doux, \u00e9conomique et modulable, tout en conservant une esth\u00e9tique raffin\u00e9e.<\/p>\n<p>Les solutions <strong>Braga<\/strong> conjuguent confort visuel, respect de l\u2019environnement et efficacit\u00e9 \u00e9nerg\u00e9tique. Cette combinaison fait de la marque une alli\u00e9e id\u00e9ale pour tous ceux qui souhaitent allier \u00e9l\u00e9gance et responsabilit\u00e9 dans leur <strong>projet d\u2019\u00e9clairage<\/strong>.<\/p>\n<h3>Des mat\u00e9riaux nobles pour un rendu d\u2019exception<\/h3>\n<p>L\u2019autre force de <strong>\u00e9clairages Braga<\/strong> r\u00e9side dans son utilisation experte des mat\u00e9riaux. Aluminium bross\u00e9, <strong>verre souffl\u00e9<\/strong>, laiton dor\u00e9 ou peintures textur\u00e9es\u2026 chaque d\u00e9tail contribue \u00e0 la signature de la marque. Le r\u00e9sultat, des cr\u00e9ations qui r\u00e9sistent au temps et aux modes, pens\u00e9es pour durer et \u00e9voluer avec leur environnement.<\/p>\n<h2>Pourquoi choisir And\u00e9o pour vos luminaires Braga ?<\/h2>\n<p>Acheter un <strong>luminaire Braga Illuminazione<\/strong> chez <strong>And\u00e9o<\/strong>, c\u2019est profiter de nombreux avantages :<\/p>\n<ul>\n<li>Un <strong>revendeur officiel<\/strong> certifi\u00e9 par la marque Braga Illuminazione.<\/li>\n<li>Des <strong>produits authentiques<\/strong> garantis et disponibles sur commande ou en showroom.<\/li>\n<li>Un <strong>accompagnement personnalis\u00e9<\/strong> dans le choix des luminaires et la gestion technique du projet.<\/li>\n<li>Une <strong>expertise locale<\/strong> couvrant la Belgique et le nord de la France.<\/li>\n<li>Un <strong>service apr\u00e8s-vente r\u00e9actif<\/strong> et disponible pour toute question technique ou remplacement.<\/li>\n<\/ul>\n<p>Nous mettons un point d\u2019honneur \u00e0 offrir \u00e0 nos clients un suivi humain et de proximit\u00e9, gage de confiance et de satisfaction sur le long terme.<\/p>\n<h2>Une collection visible en showroom et en ligne<\/h2>\n<p>Vous pouvez d\u00e9couvrir les <strong>luminaires Braga Illuminazione<\/strong> directement dans notre <strong>showroom And\u00e9o<\/strong>, o\u00f9 plusieurs mod\u00e8les sont expos\u00e9s, ou bien en consultant notre site vitrine <a href=\"https:\/\/www.andeo.be\" target=\"_blank\" rel=\"noopener\">www.andeo.be<\/a>.<\/p>\n<p>Nous vous invitons \u00e9galement \u00e0 visiter notre fiche Google Maps pour localiser facilement le magasin et consulter les avis clients : <a href=\"https:\/\/maps.app.goo.gl\/XFxkcrXmEoNEtgZo9\" target=\"_blank\" rel=\"noopener\">magasin de lampes Braga<\/a>.<\/p>\n<p>Nos conseillers sont disponibles pour r\u00e9pondre \u00e0 vos demandes, \u00e9tablir un devis ou vous guider dans le choix du <strong>luminaire Braga<\/strong> id\u00e9al. Que vous soyez \u00e0 <strong>Lille<\/strong>, <strong>Mons<\/strong>, <strong>Ath<\/strong>, <strong>Enghien<\/strong> ou ailleurs en <strong>Belgique<\/strong>, nous vous accompagnons dans la cr\u00e9ation d\u2019un int\u00e9rieur lumineux, harmonieux et \u00e9l\u00e9gant.<\/p>\n<h2>Conseils et accompagnement And\u00e9o : un savoir-faire reconnu<\/h2>\n<p>Chez <strong>And\u00e9o<\/strong>, notre approche va bien au-del\u00e0 de la simple vente. Chaque projet d\u2019<strong>\u00e9clairage<\/strong> est trait\u00e9 comme une cr\u00e9ation unique. Nous accompagnons nos clients dans toutes les \u00e9tapes : de la s\u00e9lection des mod\u00e8les \u00e0 la planification de l\u2019installation, en passant par la simulation lumineuse et la gestion de l\u2019intensit\u00e9.<\/p>\n<p>Notre \u00e9quipe travaille \u00e9galement main dans la main avec des <strong>architectes d\u2019int\u00e9rieur<\/strong>, des <strong>d\u00e9corateurs<\/strong> et des <strong>entreprises du b\u00e2timent<\/strong> pour int\u00e9grer les luminaires <strong>Braga Illuminazione<\/strong> dans des projets de r\u00e9novation ou de construction neuve. Gr\u00e2ce \u00e0 notre connaissance technique des produits et notre expertise en agencement lumineux, nous apportons des solutions sur mesure adapt\u00e9es \u00e0 chaque environnement.<\/p>\n<p>Cette approche personnalis\u00e9e nous permet de proposer un accompagnement sur le long terme. Chez <strong>And\u00e9o<\/strong>, nous croyons qu\u2019un <strong>\u00e9clairage de qualit\u00e9<\/strong> doit durer, s\u2019adapter et \u00e9voluer avec vous.<\/p>\n<h2>Braga Illuminazione et And\u00e9o : une vision commune du design<\/h2>\n<p>Ce partenariat entre <strong>Braga Illuminazione<\/strong> et <strong>And\u00e9o<\/strong> repose sur des valeurs communes : le respect du design, la recherche de la qualit\u00e9 et l\u2019amour du travail bien fait. Ensemble, nous mettons en <strong>lumi\u00e8re<\/strong> les int\u00e9rieurs les plus exigeants, avec une attention particuli\u00e8re port\u00e9e \u00e0 la personnalisation.<\/p>\n<p>Chaque projet est une rencontre entre la <strong>lumi\u00e8re italienne<\/strong> et l\u2019expertise belge, au service d\u2019une client\u00e8le passionn\u00e9e de belles ambiances. Que vous souhaitiez illuminer un espace <strong>r\u00e9sidentiel<\/strong>, <strong>commercial<\/strong> ou <strong>professionnel<\/strong>, nous trouvons la solution adapt\u00e9e \u00e0 votre vision et \u00e0 votre style.<\/p>\n<h2>Conclusion : la lumi\u00e8re italienne au service de vos espaces<\/h2>\n<p>Choisir <strong>Braga Illuminazione<\/strong> chez <strong>And\u00e9o<\/strong>, c\u2019est opter pour une <strong>lumi\u00e8re<\/strong> qui ne laisse rien au hasard. C\u2019est choisir une marque qui conjugue l\u2019<strong>\u00e9motion<\/strong> du <strong>design italien<\/strong> et la pr\u00e9cision technologique. Et c\u2019est surtout faire confiance \u00e0 un partenaire local qui comprend vos besoins, vos contraintes et vos envies.<\/p>\n<p><strong>And\u00e9o<\/strong> est fier de rendre accessibles en <strong>Belgique<\/strong> les plus belles <strong>cr\u00e9ations Braga Illuminazione<\/strong>. Que votre projet se situe \u00e0 <strong>Bruxelles<\/strong>, dans le <strong>Hainaut<\/strong> ou m\u00eame dans la r\u00e9gion de <strong>Lille<\/strong>, nous vous accompagnons dans le choix du <strong>luminaire<\/strong> id\u00e9al, celui qui illuminera votre quotidien avec \u00e9l\u00e9gance et caract\u00e8re.<\/p>\n<!-- Bloc d'appel \u00e0 l'action -->\n<div style=\"background-color: #f9f9f9; padding: 25px; border-radius: 12px; text-align: center; margin-top: 40px;\">\n<h3>D\u00e9couvrez Braga Illuminazione chez And\u00e9o<\/h3>\n<p>Venez explorer diff\u00e9rentes collections italiennes de luminaires, comme <strong>Braga Illuminazione<\/strong>, dans notre showroom de <strong>Tournai<\/strong> en <strong>Belgique<\/strong>.<\/p>\n<p><a style=\"background: #000; color: #fff; padding: 12px 24px; border-radius: 6px; text-decoration: none;\" href=\"https:\/\/www.andeo.be\" target=\"_blank\" rel=\"noopener\">Visitez www.andeo.be<\/a><\/p>\n<p>\ud83d\udccd <a href=\"https:\/\/maps.app.goo.gl\/XFxkcrXmEoNEtgZo9\" target=\"_blank\" rel=\"noopener\">Voir le magasin And\u00e9o sur Google Maps<\/a><\/p>\n<\/div>\n<!-- Donn\u00e9es structur\u00e9es : LocalBusiness minimal (And\u00e9o) -->\n<p><script type=\"application\/ld+json\">\n{\n  \"@context\": \"https:\/\/schema.org\",\n  \"@type\": \"LocalBusiness\",\n  \"name\": \"And\u00e9o\",\n  \"image\": \"https:\/\/www.andeo.be\/images\/logo.png\",\n  \"url\": \"https:\/\/www.andeo.be\",\n  \"telephone\": \"+32 69 22 97 76\",\n  \"address\": {\n    \"@type\": \"PostalAddress\",\n    \"streetAddress\": \"Rue de l'Artisanat 12\",\n    \"addressLocality\": \"Tournai\",\n    \"postalCode\": \"7500\",\n    \"addressCountry\": \"BE\"\n  },\n  \"geo\": {\n    \"@type\": \"GeoCoordinates\",\n    \"latitude\": 50.606,\n    \"longitude\": 3.387\n  },\n  \"sameAs\": [\n    \"https:\/\/maps.app.goo.gl\/XFxkcrXmEoNEtgZo9\",\n    \"https:\/\/www.facebook.com\/andeo.be\/\"\n  ],\n  \"openingHours\": \"Tu-Fri 10:00-18:00\",\n  \"description\": \"And\u00e9o, revendeur officiel Braga Illuminazione en Belgique et dans le Hainaut. Showroom proche de Lille et Bruxelles, proposant luminaires design et solutions d\u2019\u00e9clairage haut de gamme.\"\n}\n<\/script><\/p>\n","protected":false},"excerpt":{"rendered":"<p>La lumi\u00e8re a ce pouvoir de transformer un espace, de le rendre chaleureux, vivant, unique. Chez And\u00e9o, nous croyons qu\u2019un luminaire n\u2019est pas un simple objet fonctionnel, mais un \u00e9l\u00e9ment essentiel du confort et de [&hellip;]<\/p>\n","protected":false},"author":1,"featured_media":838,"comment_status":"closed","ping_status":"open","sticky":false,"template":"","format":"standard","meta":{"footnotes":""},"categories":[6,11,8,7,10,3,5,9,4],"tags":[],"class_list":["post-825","post","type-post","status-publish","format-standard","has-post-thumbnail","hentry","category-appliques","category-eclairages-exterieur","category-lampes-a-poser","category-lampes-de-sol","category-lampes-sur-rail","category-luminaires","category-plafonniers","category-spots","category-suspensions"],"yoast_head":"<!-- This site is optimized with the Yoast SEO plugin v27.4 - https:\/\/yoast.com\/product\/yoast-seo-wordpress\/ -->\n<title>Braga Illuminazione : l\u2019\u00e9l\u00e9gance italienne disponible chez And\u00e9o<\/title>\n<meta name=\"description\" content=\"And\u00e9o, votre revendeur officiel der la marque de luminaires italien Braga Illuminazione, pour la Belgique et le Nord de la France.\" \/>\n<meta name=\"robots\" content=\"index, follow, max-snippet:-1, max-image-preview:large, max-video-preview:-1\" \/>\n<link rel=\"canonical\" href=\"https:\/\/www.andeo.be\/blogwp\/braga-illuminazione-lelegance-italienne-disponible-en-belgique-chez-andeo\/\" \/>\n<meta property=\"og:locale\" content=\"fr_FR\" \/>\n<meta property=\"og:type\" content=\"article\" \/>\n<meta property=\"og:title\" content=\"Braga Illuminazione : l\u2019\u00e9l\u00e9gance italienne disponible chez And\u00e9o\" \/>\n<meta property=\"og:description\" content=\"And\u00e9o, votre revendeur officiel der la marque de luminaires italien Braga Illuminazione, pour la Belgique et le Nord de la France.\" \/>\n<meta property=\"og:url\" content=\"https:\/\/www.andeo.be\/blogwp\/braga-illuminazione-lelegance-italienne-disponible-en-belgique-chez-andeo\/\" \/>\n<meta property=\"og:site_name\" content=\"The Blog by And\u00e9o\" \/>\n<meta property=\"article:published_time\" content=\"2025-10-15T16:42:31+00:00\" \/>\n<meta property=\"article:modified_time\" content=\"2025-10-15T16:42:32+00:00\" \/>\n<meta property=\"og:image\" content=\"https:\/\/www.andeo.be\/blogwp\/wp-content\/uploads\/2025\/10\/logo-braga-illuminazione.jpg\" \/>\n\t<meta property=\"og:image:width\" content=\"600\" \/>\n\t<meta property=\"og:image:height\" content=\"600\" \/>\n\t<meta property=\"og:image:type\" content=\"image\/jpeg\" \/>\n<meta name=\"author\" content=\"reivilo\" \/>\n<meta name=\"twitter:card\" content=\"summary_large_image\" \/>\n<meta name=\"twitter:label1\" content=\"\u00c9crit par\" \/>\n\t<meta name=\"twitter:data1\" content=\"reivilo\" \/>\n\t<meta name=\"twitter:label2\" content=\"Dur\u00e9e de lecture estim\u00e9e\" \/>\n\t<meta name=\"twitter:data2\" content=\"9 minutes\" \/>\n<script type=\"application\/ld+json\" class=\"yoast-schema-graph\">{\"@context\":\"https:\\\/\\\/schema.org\",\"@graph\":[{\"@type\":\"Article\",\"@id\":\"https:\\\/\\\/www.andeo.be\\\/blogwp\\\/braga-illuminazione-lelegance-italienne-disponible-en-belgique-chez-andeo\\\/#article\",\"isPartOf\":{\"@id\":\"https:\\\/\\\/www.andeo.be\\\/blogwp\\\/braga-illuminazione-lelegance-italienne-disponible-en-belgique-chez-andeo\\\/\"},\"author\":{\"name\":\"reivilo\",\"@id\":\"https:\\\/\\\/www.andeo.be\\\/blogwp\\\/#\\\/schema\\\/person\\\/c8bdc396c377f8a9a5fc0a6af682df4c\"},\"headline\":\"Braga Illuminazione : l\u2019\u00e9l\u00e9gance italienne disponible en Belgique chez And\u00e9o\",\"datePublished\":\"2025-10-15T16:42:31+00:00\",\"dateModified\":\"2025-10-15T16:42:32+00:00\",\"mainEntityOfPage\":{\"@id\":\"https:\\\/\\\/www.andeo.be\\\/blogwp\\\/braga-illuminazione-lelegance-italienne-disponible-en-belgique-chez-andeo\\\/\"},\"wordCount\":1530,\"publisher\":{\"@id\":\"https:\\\/\\\/www.andeo.be\\\/blogwp\\\/#organization\"},\"image\":{\"@id\":\"https:\\\/\\\/www.andeo.be\\\/blogwp\\\/braga-illuminazione-lelegance-italienne-disponible-en-belgique-chez-andeo\\\/#primaryimage\"},\"thumbnailUrl\":\"https:\\\/\\\/www.andeo.be\\\/blogwp\\\/wp-content\\\/uploads\\\/2025\\\/10\\\/logo-braga-illuminazione.jpg\",\"articleSection\":[\"Appliques\",\"Eclairages ext\u00e9rieurs\",\"Lampes \u00e0 poser\",\"Lampes de sol\",\"Lampes sur rail\",\"Luminaires\",\"Plafonniers\",\"Spots\",\"Suspensions\"],\"inLanguage\":\"fr-FR\"},{\"@type\":\"WebPage\",\"@id\":\"https:\\\/\\\/www.andeo.be\\\/blogwp\\\/braga-illuminazione-lelegance-italienne-disponible-en-belgique-chez-andeo\\\/\",\"url\":\"https:\\\/\\\/www.andeo.be\\\/blogwp\\\/braga-illuminazione-lelegance-italienne-disponible-en-belgique-chez-andeo\\\/\",\"name\":\"Braga Illuminazione : l\u2019\u00e9l\u00e9gance italienne disponible chez And\u00e9o\",\"isPartOf\":{\"@id\":\"https:\\\/\\\/www.andeo.be\\\/blogwp\\\/#website\"},\"primaryImageOfPage\":{\"@id\":\"https:\\\/\\\/www.andeo.be\\\/blogwp\\\/braga-illuminazione-lelegance-italienne-disponible-en-belgique-chez-andeo\\\/#primaryimage\"},\"image\":{\"@id\":\"https:\\\/\\\/www.andeo.be\\\/blogwp\\\/braga-illuminazione-lelegance-italienne-disponible-en-belgique-chez-andeo\\\/#primaryimage\"},\"thumbnailUrl\":\"https:\\\/\\\/www.andeo.be\\\/blogwp\\\/wp-content\\\/uploads\\\/2025\\\/10\\\/logo-braga-illuminazione.jpg\",\"datePublished\":\"2025-10-15T16:42:31+00:00\",\"dateModified\":\"2025-10-15T16:42:32+00:00\",\"description\":\"And\u00e9o, votre revendeur officiel der la marque de luminaires italien Braga Illuminazione, pour la Belgique et le Nord de la France.\",\"breadcrumb\":{\"@id\":\"https:\\\/\\\/www.andeo.be\\\/blogwp\\\/braga-illuminazione-lelegance-italienne-disponible-en-belgique-chez-andeo\\\/#breadcrumb\"},\"inLanguage\":\"fr-FR\",\"potentialAction\":[{\"@type\":\"ReadAction\",\"target\":[\"https:\\\/\\\/www.andeo.be\\\/blogwp\\\/braga-illuminazione-lelegance-italienne-disponible-en-belgique-chez-andeo\\\/\"]}]},{\"@type\":\"ImageObject\",\"inLanguage\":\"fr-FR\",\"@id\":\"https:\\\/\\\/www.andeo.be\\\/blogwp\\\/braga-illuminazione-lelegance-italienne-disponible-en-belgique-chez-andeo\\\/#primaryimage\",\"url\":\"https:\\\/\\\/www.andeo.be\\\/blogwp\\\/wp-content\\\/uploads\\\/2025\\\/10\\\/logo-braga-illuminazione.jpg\",\"contentUrl\":\"https:\\\/\\\/www.andeo.be\\\/blogwp\\\/wp-content\\\/uploads\\\/2025\\\/10\\\/logo-braga-illuminazione.jpg\",\"width\":600,\"height\":600,\"caption\":\"Braga Illuminazione Magasin Belgique France\"},{\"@type\":\"BreadcrumbList\",\"@id\":\"https:\\\/\\\/www.andeo.be\\\/blogwp\\\/braga-illuminazione-lelegance-italienne-disponible-en-belgique-chez-andeo\\\/#breadcrumb\",\"itemListElement\":[{\"@type\":\"ListItem\",\"position\":1,\"name\":\"Accueil\",\"item\":\"https:\\\/\\\/www.andeo.be\\\/blogwp\\\/\"},{\"@type\":\"ListItem\",\"position\":2,\"name\":\"Braga Illuminazione : l\u2019\u00e9l\u00e9gance italienne disponible en Belgique chez And\u00e9o\"}]},{\"@type\":\"WebSite\",\"@id\":\"https:\\\/\\\/www.andeo.be\\\/blogwp\\\/#website\",\"url\":\"https:\\\/\\\/www.andeo.be\\\/blogwp\\\/\",\"name\":\"The Blog by And\u00e9o\",\"description\":\"\",\"publisher\":{\"@id\":\"https:\\\/\\\/www.andeo.be\\\/blogwp\\\/#organization\"},\"potentialAction\":[{\"@type\":\"SearchAction\",\"target\":{\"@type\":\"EntryPoint\",\"urlTemplate\":\"https:\\\/\\\/www.andeo.be\\\/blogwp\\\/?s={search_term_string}\"},\"query-input\":{\"@type\":\"PropertyValueSpecification\",\"valueRequired\":true,\"valueName\":\"search_term_string\"}}],\"inLanguage\":\"fr-FR\"},{\"@type\":\"Organization\",\"@id\":\"https:\\\/\\\/www.andeo.be\\\/blogwp\\\/#organization\",\"name\":\"The Blog by And\u00e9o\",\"url\":\"https:\\\/\\\/www.andeo.be\\\/blogwp\\\/\",\"logo\":{\"@type\":\"ImageObject\",\"inLanguage\":\"fr-FR\",\"@id\":\"https:\\\/\\\/www.andeo.be\\\/blogwp\\\/#\\\/schema\\\/logo\\\/image\\\/\",\"url\":\"https:\\\/\\\/www.andeo.be\\\/blogwp\\\/wp-content\\\/uploads\\\/2024\\\/02\\\/cropped-logo-andeo-sans-fond.png\",\"contentUrl\":\"https:\\\/\\\/www.andeo.be\\\/blogwp\\\/wp-content\\\/uploads\\\/2024\\\/02\\\/cropped-logo-andeo-sans-fond.png\",\"width\":468,\"height\":277,\"caption\":\"The Blog by And\u00e9o\"},\"image\":{\"@id\":\"https:\\\/\\\/www.andeo.be\\\/blogwp\\\/#\\\/schema\\\/logo\\\/image\\\/\"}},{\"@type\":\"Person\",\"@id\":\"https:\\\/\\\/www.andeo.be\\\/blogwp\\\/#\\\/schema\\\/person\\\/c8bdc396c377f8a9a5fc0a6af682df4c\",\"name\":\"reivilo\",\"sameAs\":[\"https:\\\/\\\/www.andeo.be\\\/blogwp\"],\"url\":\"https:\\\/\\\/www.andeo.be\\\/blogwp\\\/author\\\/reivilo\\\/\"}]}<\/script>\n<!-- \/ Yoast SEO plugin. -->","yoast_head_json":{"title":"Braga Illuminazione : l\u2019\u00e9l\u00e9gance italienne disponible chez And\u00e9o","description":"And\u00e9o, votre revendeur officiel der la marque de luminaires italien Braga Illuminazione, pour la Belgique et le Nord de la France.","robots":{"index":"index","follow":"follow","max-snippet":"max-snippet:-1","max-image-preview":"max-image-preview:large","max-video-preview":"max-video-preview:-1"},"canonical":"https:\/\/www.andeo.be\/blogwp\/braga-illuminazione-lelegance-italienne-disponible-en-belgique-chez-andeo\/","og_locale":"fr_FR","og_type":"article","og_title":"Braga Illuminazione : l\u2019\u00e9l\u00e9gance italienne disponible chez And\u00e9o","og_description":"And\u00e9o, votre revendeur officiel der la marque de luminaires italien Braga Illuminazione, pour la Belgique et le Nord de la France.","og_url":"https:\/\/www.andeo.be\/blogwp\/braga-illuminazione-lelegance-italienne-disponible-en-belgique-chez-andeo\/","og_site_name":"The Blog by And\u00e9o","article_published_time":"2025-10-15T16:42:31+00:00","article_modified_time":"2025-10-15T16:42:32+00:00","og_image":[{"width":600,"height":600,"url":"https:\/\/www.andeo.be\/blogwp\/wp-content\/uploads\/2025\/10\/logo-braga-illuminazione.jpg","type":"image\/jpeg"}],"author":"reivilo","twitter_card":"summary_large_image","twitter_misc":{"\u00c9crit par":"reivilo","Dur\u00e9e de lecture estim\u00e9e":"9 minutes"},"schema":{"@context":"https:\/\/schema.org","@graph":[{"@type":"Article","@id":"https:\/\/www.andeo.be\/blogwp\/braga-illuminazione-lelegance-italienne-disponible-en-belgique-chez-andeo\/#article","isPartOf":{"@id":"https:\/\/www.andeo.be\/blogwp\/braga-illuminazione-lelegance-italienne-disponible-en-belgique-chez-andeo\/"},"author":{"name":"reivilo","@id":"https:\/\/www.andeo.be\/blogwp\/#\/schema\/person\/c8bdc396c377f8a9a5fc0a6af682df4c"},"headline":"Braga Illuminazione : l\u2019\u00e9l\u00e9gance italienne disponible en Belgique chez And\u00e9o","datePublished":"2025-10-15T16:42:31+00:00","dateModified":"2025-10-15T16:42:32+00:00","mainEntityOfPage":{"@id":"https:\/\/www.andeo.be\/blogwp\/braga-illuminazione-lelegance-italienne-disponible-en-belgique-chez-andeo\/"},"wordCount":1530,"publisher":{"@id":"https:\/\/www.andeo.be\/blogwp\/#organization"},"image":{"@id":"https:\/\/www.andeo.be\/blogwp\/braga-illuminazione-lelegance-italienne-disponible-en-belgique-chez-andeo\/#primaryimage"},"thumbnailUrl":"https:\/\/www.andeo.be\/blogwp\/wp-content\/uploads\/2025\/10\/logo-braga-illuminazione.jpg","articleSection":["Appliques","Eclairages ext\u00e9rieurs","Lampes \u00e0 poser","Lampes de sol","Lampes sur rail","Luminaires","Plafonniers","Spots","Suspensions"],"inLanguage":"fr-FR"},{"@type":"WebPage","@id":"https:\/\/www.andeo.be\/blogwp\/braga-illuminazione-lelegance-italienne-disponible-en-belgique-chez-andeo\/","url":"https:\/\/www.andeo.be\/blogwp\/braga-illuminazione-lelegance-italienne-disponible-en-belgique-chez-andeo\/","name":"Braga Illuminazione : l\u2019\u00e9l\u00e9gance italienne disponible chez And\u00e9o","isPartOf":{"@id":"https:\/\/www.andeo.be\/blogwp\/#website"},"primaryImageOfPage":{"@id":"https:\/\/www.andeo.be\/blogwp\/braga-illuminazione-lelegance-italienne-disponible-en-belgique-chez-andeo\/#primaryimage"},"image":{"@id":"https:\/\/www.andeo.be\/blogwp\/braga-illuminazione-lelegance-italienne-disponible-en-belgique-chez-andeo\/#primaryimage"},"thumbnailUrl":"https:\/\/www.andeo.be\/blogwp\/wp-content\/uploads\/2025\/10\/logo-braga-illuminazione.jpg","datePublished":"2025-10-15T16:42:31+00:00","dateModified":"2025-10-15T16:42:32+00:00","description":"And\u00e9o, votre revendeur officiel der la marque de luminaires italien Braga Illuminazione, pour la Belgique et le Nord de la France.","breadcrumb":{"@id":"https:\/\/www.andeo.be\/blogwp\/braga-illuminazione-lelegance-italienne-disponible-en-belgique-chez-andeo\/#breadcrumb"},"inLanguage":"fr-FR","potentialAction":[{"@type":"ReadAction","target":["https:\/\/www.andeo.be\/blogwp\/braga-illuminazione-lelegance-italienne-disponible-en-belgique-chez-andeo\/"]}]},{"@type":"ImageObject","inLanguage":"fr-FR","@id":"https:\/\/www.andeo.be\/blogwp\/braga-illuminazione-lelegance-italienne-disponible-en-belgique-chez-andeo\/#primaryimage","url":"https:\/\/www.andeo.be\/blogwp\/wp-content\/uploads\/2025\/10\/logo-braga-illuminazione.jpg","contentUrl":"https:\/\/www.andeo.be\/blogwp\/wp-content\/uploads\/2025\/10\/logo-braga-illuminazione.jpg","width":600,"height":600,"caption":"Braga Illuminazione Magasin Belgique France"},{"@type":"BreadcrumbList","@id":"https:\/\/www.andeo.be\/blogwp\/braga-illuminazione-lelegance-italienne-disponible-en-belgique-chez-andeo\/#breadcrumb","itemListElement":[{"@type":"ListItem","position":1,"name":"Accueil","item":"https:\/\/www.andeo.be\/blogwp\/"},{"@type":"ListItem","position":2,"name":"Braga Illuminazione : l\u2019\u00e9l\u00e9gance italienne disponible en Belgique chez And\u00e9o"}]},{"@type":"WebSite","@id":"https:\/\/www.andeo.be\/blogwp\/#website","url":"https:\/\/www.andeo.be\/blogwp\/","name":"The Blog by And\u00e9o","description":"","publisher":{"@id":"https:\/\/www.andeo.be\/blogwp\/#organization"},"potentialAction":[{"@type":"SearchAction","target":{"@type":"EntryPoint","urlTemplate":"https:\/\/www.andeo.be\/blogwp\/?s={search_term_string}"},"query-input":{"@type":"PropertyValueSpecification","valueRequired":true,"valueName":"search_term_string"}}],"inLanguage":"fr-FR"},{"@type":"Organization","@id":"https:\/\/www.andeo.be\/blogwp\/#organization","name":"The Blog by And\u00e9o","url":"https:\/\/www.andeo.be\/blogwp\/","logo":{"@type":"ImageObject","inLanguage":"fr-FR","@id":"https:\/\/www.andeo.be\/blogwp\/#\/schema\/logo\/image\/","url":"https:\/\/www.andeo.be\/blogwp\/wp-content\/uploads\/2024\/02\/cropped-logo-andeo-sans-fond.png","contentUrl":"https:\/\/www.andeo.be\/blogwp\/wp-content\/uploads\/2024\/02\/cropped-logo-andeo-sans-fond.png","width":468,"height":277,"caption":"The Blog by And\u00e9o"},"image":{"@id":"https:\/\/www.andeo.be\/blogwp\/#\/schema\/logo\/image\/"}},{"@type":"Person","@id":"https:\/\/www.andeo.be\/blogwp\/#\/schema\/person\/c8bdc396c377f8a9a5fc0a6af682df4c","name":"reivilo","sameAs":["https:\/\/www.andeo.be\/blogwp"],"url":"https:\/\/www.andeo.be\/blogwp\/author\/reivilo\/"}]}},"_links":{"self":[{"href":"https:\/\/www.andeo.be\/blogwp\/wp-json\/wp\/v2\/posts\/825","targetHints":{"allow":["GET"]}}],"collection":[{"href":"https:\/\/www.andeo.be\/blogwp\/wp-json\/wp\/v2\/posts"}],"about":[{"href":"https:\/\/www.andeo.be\/blogwp\/wp-json\/wp\/v2\/types\/post"}],"author":[{"embeddable":true,"href":"https:\/\/www.andeo.be\/blogwp\/wp-json\/wp\/v2\/users\/1"}],"replies":[{"embeddable":true,"href":"https:\/\/www.andeo.be\/blogwp\/wp-json\/wp\/v2\/comments?post=825"}],"version-history":[{"count":18,"href":"https:\/\/www.andeo.be\/blogwp\/wp-json\/wp\/v2\/posts\/825\/revisions"}],"predecessor-version":[{"id":850,"href":"https:\/\/www.andeo.be\/blogwp\/wp-json\/wp\/v2\/posts\/825\/revisions\/850"}],"wp:featuredmedia":[{"embeddable":true,"href":"https:\/\/www.andeo.be\/blogwp\/wp-json\/wp\/v2\/media\/838"}],"wp:attachment":[{"href":"https:\/\/www.andeo.be\/blogwp\/wp-json\/wp\/v2\/media?parent=825"}],"wp:term":[{"taxonomy":"category","embeddable":true,"href":"https:\/\/www.andeo.be\/blogwp\/wp-json\/wp\/v2\/categories?post=825"},{"taxonomy":"post_tag","embeddable":true,"href":"https:\/\/www.andeo.be\/blogwp\/wp-json\/wp\/v2\/tags?post=825"}],"curies":[{"name":"wp","href":"https:\/\/api.w.org\/{rel}","templated":true}]}}